{"id":5246,"date":"2023-10-26T08:08:29","date_gmt":"2023-10-26T08:08:29","guid":{"rendered":"https:\/\/millinews.az\/xeber\/az%C9%99rbaycan-m%C9%99rk%C9%99zi-banki-dovl%C9%99t-xidm%C9%99ti-il%C9%99-anlasma-memorandumu-imzaladi\/"},"modified":"2023-10-26T08:08:29","modified_gmt":"2023-10-26T08:08:29","slug":"az%C9%99rbaycan-m%C9%99rk%C9%99zi-banki-dovl%C9%99t-xidm%C9%99ti-il%C9%99-anlasma-memorandumu-imzaladi","status":"publish","type":"post","link":"https:\/\/millitv.net\/?p=5246","title":{"rendered":"Az\u0259rbaycan M\u0259rk\u0259zi Bank\u0131 D\u00f6vl\u0259t Xidm\u0259ti il\u0259 Anla\u015fma Memorandumu imzalad\u0131"},"content":{"rendered":"<div id=\"maincontent\">&#13;<br \/>\n        &#13;<\/p>\n<p><strong>Bu g\u00fcn Az\u0259rbaycan M\u0259rk\u0259zi Bank\u0131 (AMB) il\u0259 X\u00fcsusi Rabit\u0259 v\u0259 \u0130nformasiya T\u0259hl\u00fck\u0259sizliyi D\u00f6vl\u0259t Xidm\u0259ti aras\u0131nda Anla\u015fma Memorandumu imzalan\u0131b.<\/strong><\/p>\n<p><a href=\"https:\/\/Millinews.az\" target=\"_blank\" class=\"kw-link\" rel=\"noopener\">Millinews.az<\/a> x\u0259b\u0259r verir ki, s\u0259n\u0259d\u0259 AMB-nin s\u0259dri Taleh Kaz\u0131mov v\u0259 D\u00f6vl\u0259t Xidm\u0259tinin r\u0259isi \u0130lqar Musayev imza at\u0131b. &#13;\n<\/p>\n<p>Anla\u015fma Memorandumu iki qurumun maliyy\u0259 bazarlar\u0131nda informasiya t\u0259hl\u00fck\u0259sizliyi v\u0259 kibert\u0259hl\u00fck\u0259sizlik sah\u0259sind\u0259 ba\u015f ver\u0259n insidentl\u0259r, kiberh\u00fccumlar v\u0259 dig\u0259r m\u0259qs\u0259dy\u00f6nl\u00fc h\u00fccum c\u0259hdl\u0259ri bar\u0259d\u0259 m\u0259lumat m\u00fcbadil\u0259 aparmas\u0131, qabaqlay\u0131c\u0131 t\u0259dbirl\u0259r g\u00f6rm\u0259si m\u0259qs\u0259di da\u015f\u0131y\u0131r.<\/p>\n<p>S\u0259n\u0259d h\u0259m\u00e7inin maliyy\u0259 bazarlar\u0131 \u00fczr\u0259 komp\u00fcter insidentl\u0259rin\u0259 qar\u015f\u0131 m\u00fcbariz\u0259 m\u0259rk\u0259zinin (&#8220;FinCERT&#8221;) yarad\u0131lmas\u0131 v\u0259 akkreditasiya olunmas\u0131 il\u0259 \u0259laq\u0259d\u0259r birg\u0259 f\u0259aliyy\u0259ti n\u0259z\u0259rd\u0259 tutur.<\/p>\n<p>\u0130mzalanma m\u0259rasimi &#8220;Heyd\u0259r \u018fliyev ili&#8221; \u00e7\u0259r\u00e7iv\u0259sind\u0259 Az\u0259rbaycanda ilk d\u0259f\u0259 ke\u00e7iril\u0259n \u201cCyberFest\u201d kiberfestival\u0131 \u00e7\u0259r\u00e7iv\u0259sind\u0259 ba\u015f tutub.&#13;<br \/>\n        &#13;<br \/>\n&#13;<br \/>\n        &#13;<br \/>\n&#13;\n        <\/p>\n<p><noscript><\/p>\n<p>You must enable Javascript on your browser for the site to work optimally and display sections completely.<\/p>\n<p><\/noscript>\t\t&#13;<br \/>\n\t\t&#13;\n    <\/div>\n<p><script type=\"text\/javascript\">jQuery(document).ready(function () {\n(function(d, s, id) {\n    var js, fjs = d.getElementsByTagName(s)[0];\n    if (d.getElementById(id))\n        return;\n    js = d.createElement(s);\n    js.id = id;\n    js.src = \"\/\/connect.facebook.net\/az_AZ\/all.js#xfbml=1&appId=1002485763137712\";\n    fjs.parentNode.insertBefore(js, fjs);\n}(document, 'script', 'facebook-jssdk'));                \n});<\/script><\/p>\n","protected":false},"excerpt":{"rendered":"<p>&#13; &#13; Bu g\u00fcn Az\u0259rbaycan M\u0259rk\u0259zi Bank\u0131 (AMB) il\u0259 X\u00fcsusi Rabit\u0259 v\u0259 \u0130nformasiya T\u0259hl\u00fck\u0259sizliyi D\u00f6vl\u0259t Xidm\u0259ti aras\u0131nda Anla\u015fma Memorandumu imzalan\u0131b. Millinews.az x\u0259b\u0259r verir ki, s\u0259n\u0259d\u0259 AMB-nin s\u0259dri Taleh Kaz\u0131mov v\u0259 D\u00f6vl\u0259t Xidm\u0259tinin r\u0259isi \u0130lqar Musayev imza at\u0131b. &#13; Anla\u015fma Memorandumu iki qurumun maliyy\u0259 bazarlar\u0131nda informasiya t\u0259hl\u00fck\u0259sizliyi v\u0259 kibert\u0259hl\u00fck\u0259sizlik sah\u0259sind\u0259 ba\u015f ver\u0259n insidentl\u0259r, kiberh\u00fccumlar v\u0259 dig\u0259r &hellip;<\/p>\n","protected":false},"author":1,"featured_media":5247,"comment_status":"open","ping_status":"closed","sticky":false,"template":"","format":"standard","meta":{"footnotes":""},"categories":[9],"tags":[],"class_list":["post-5246","post","type-post","status-publish","format-standard","has-post-thumbnail","hentry","category-xeber"],"_links":{"self":[{"href":"https:\/\/millitv.net\/index.php?rest_route=\/wp\/v2\/posts\/5246","targetHints":{"allow":["GET"]}}],"collection":[{"href":"https:\/\/millitv.net\/index.php?rest_route=\/wp\/v2\/posts"}],"about":[{"href":"https:\/\/millitv.net\/index.php?rest_route=\/wp\/v2\/types\/post"}],"author":[{"embeddable":true,"href":"https:\/\/millitv.net\/index.php?rest_route=\/wp\/v2\/users\/1"}],"replies":[{"embeddable":true,"href":"https:\/\/millitv.net\/index.php?rest_route=%2Fwp%2Fv2%2Fcomments&post=5246"}],"version-history":[{"count":0,"href":"https:\/\/millitv.net\/index.php?rest_route=\/wp\/v2\/posts\/5246\/revisions"}],"wp:featuredmedia":[{"embeddable":true,"href":"https:\/\/millitv.net\/index.php?rest_route=\/wp\/v2\/media\/5247"}],"wp:attachment":[{"href":"https:\/\/millitv.net\/index.php?rest_route=%2Fwp%2Fv2%2Fmedia&parent=5246"}],"wp:term":[{"taxonomy":"category","embeddable":true,"href":"https:\/\/millitv.net\/index.php?rest_route=%2Fwp%2Fv2%2Fcategories&post=5246"},{"taxonomy":"post_tag","embeddable":true,"href":"https:\/\/millitv.net\/index.php?rest_route=%2Fwp%2Fv2%2Ftags&post=5246"}],"curies":[{"name":"wp","href":"https:\/\/api.w.org\/{rel}","templated":true}]}}