{"id":5226,"date":"2023-10-26T07:22:20","date_gmt":"2023-10-26T07:22:20","guid":{"rendered":"https:\/\/millinews.az\/xeber\/sahramanyana-ictimai-tv-d%C9%99-efir-vaxti-verilm%C9%99di\/"},"modified":"2023-10-26T07:22:20","modified_gmt":"2023-10-26T07:22:20","slug":"sahramanyana-ictimai-tv-d%C9%99-efir-vaxti-verilm%C9%99di","status":"publish","type":"post","link":"https:\/\/millitv.net\/?p=5226","title":{"rendered":"\u015eahramanyana \u0130ctimai TV-d\u0259 efir vaxt\u0131 verilm\u0259di"},"content":{"rendered":"<div id=\"maincontent\">&#13;<br \/>\n        &#13;<\/p>\n<p><strong>Qaraba\u011f separat\u00e7\u0131lar\u0131n\u0131n sonuncu \u201clideri\u201d Samvel \u015eahramanyan \u0130r\u0259vanda yax\u0131n zamanda  \u00e7\u0131x\u0131\u015f  ed\u0259  bil\u0259r. <\/strong><\/p>\n<p><a href=\"https:\/\/Millinews.az\" target=\"_blank\" class=\"kw-link\" rel=\"noopener\">Millinews.az<\/a>  bu bar\u0259d\u0259 \u201cHraparak\u201d  yaz\u0131b. N\u0259\u015fr qeyd edib ki, Samvel \u015eahramanyan uzun m\u00fczakir\u0259l\u0259rd\u0259n sonra susqunluq and\u0131n\u0131 pozmaq v\u0259 yax\u0131n g\u00fcnl\u0259rd\u0259 bir s\u0131ra m\u0259s\u0259l\u0259l\u0259r\u0259 ayd\u0131nl\u0131q g\u0259tirm\u0259k q\u0259rar\u0131na g\u0259lib: &#8220;Format art\u0131q m\u00fc\u0259yy\u0259n edilib, m\u00fcsahib\u0259 olacaq, lakin \u0130ctimai televiziyada olmayacaq\u201d. &#13;\n<\/p>\n<p>Bildirilib ki, \u015eahramanyana \u0130ctimai TV-d\u0259 efir vaxt\u0131 verilm\u0259yib.  &#13;<br \/>\n        &#13;<br \/>\n&#13;<br \/>\n        &#13;<br \/>\n&#13;\n        <\/p>\n<p><noscript><\/p>\n<p>You must enable Javascript on your browser for the site to work optimally and display sections completely.<\/p>\n<p><\/noscript>\t\t&#13;<br \/>\n\t\t&#13;\n    <\/div>\n<p><script type=\"text\/javascript\">jQuery(document).ready(function () {\n(function(d, s, id) {\n    var js, fjs = d.getElementsByTagName(s)[0];\n    if (d.getElementById(id))\n        return;\n    js = d.createElement(s);\n    js.id = id;\n    js.src = \"\/\/connect.facebook.net\/az_AZ\/all.js#xfbml=1&appId=1002485763137712\";\n    fjs.parentNode.insertBefore(js, fjs);\n}(document, 'script', 'facebook-jssdk'));                \n});<\/script><\/p>\n","protected":false},"excerpt":{"rendered":"<p>&#13; &#13; Qaraba\u011f separat\u00e7\u0131lar\u0131n\u0131n sonuncu \u201clideri\u201d Samvel \u015eahramanyan \u0130r\u0259vanda yax\u0131n zamanda \u00e7\u0131x\u0131\u015f ed\u0259 bil\u0259r. Millinews.az bu bar\u0259d\u0259 \u201cHraparak\u201d yaz\u0131b. N\u0259\u015fr qeyd edib ki, Samvel \u015eahramanyan uzun m\u00fczakir\u0259l\u0259rd\u0259n sonra susqunluq and\u0131n\u0131 pozmaq v\u0259 yax\u0131n g\u00fcnl\u0259rd\u0259 bir s\u0131ra m\u0259s\u0259l\u0259l\u0259r\u0259 ayd\u0131nl\u0131q g\u0259tirm\u0259k q\u0259rar\u0131na g\u0259lib: &#8220;Format art\u0131q m\u00fc\u0259yy\u0259n edilib, m\u00fcsahib\u0259 olacaq, lakin \u0130ctimai televiziyada olmayacaq\u201d. &#13; Bildirilib ki, \u015eahramanyana &hellip;<\/p>\n","protected":false},"author":1,"featured_media":5227,"comment_status":"open","ping_status":"closed","sticky":false,"template":"","format":"standard","meta":{"footnotes":""},"categories":[9],"tags":[],"class_list":["post-5226","post","type-post","status-publish","format-standard","has-post-thumbnail","hentry","category-xeber"],"_links":{"self":[{"href":"https:\/\/millitv.net\/index.php?rest_route=\/wp\/v2\/posts\/5226","targetHints":{"allow":["GET"]}}],"collection":[{"href":"https:\/\/millitv.net\/index.php?rest_route=\/wp\/v2\/posts"}],"about":[{"href":"https:\/\/millitv.net\/index.php?rest_route=\/wp\/v2\/types\/post"}],"author":[{"embeddable":true,"href":"https:\/\/millitv.net\/index.php?rest_route=\/wp\/v2\/users\/1"}],"replies":[{"embeddable":true,"href":"https:\/\/millitv.net\/index.php?rest_route=%2Fwp%2Fv2%2Fcomments&post=5226"}],"version-history":[{"count":0,"href":"https:\/\/millitv.net\/index.php?rest_route=\/wp\/v2\/posts\/5226\/revisions"}],"wp:featuredmedia":[{"embeddable":true,"href":"https:\/\/millitv.net\/index.php?rest_route=\/wp\/v2\/media\/5227"}],"wp:attachment":[{"href":"https:\/\/millitv.net\/index.php?rest_route=%2Fwp%2Fv2%2Fmedia&parent=5226"}],"wp:term":[{"taxonomy":"category","embeddable":true,"href":"https:\/\/millitv.net\/index.php?rest_route=%2Fwp%2Fv2%2Fcategories&post=5226"},{"taxonomy":"post_tag","embeddable":true,"href":"https:\/\/millitv.net\/index.php?rest_route=%2Fwp%2Fv2%2Ftags&post=5226"}],"curies":[{"name":"wp","href":"https:\/\/api.w.org\/{rel}","templated":true}]}}