{"id":5143,"date":"2023-10-26T00:29:17","date_gmt":"2023-10-26T00:29:17","guid":{"rendered":"https:\/\/millinews.az\/xeber\/v%C9%99t%C9%99ndaslari-silahdan-istifad%C9%99-etm%C9%99y%C9%99-t%C9%99sviq-edirik\/"},"modified":"2023-10-26T00:29:17","modified_gmt":"2023-10-26T00:29:17","slug":"v%C9%99t%C9%99ndaslari-silahdan-istifad%C9%99-etm%C9%99y%C9%99-t%C9%99sviq-edirik","status":"publish","type":"post","link":"https:\/\/millitv.net\/?p=5143","title":{"rendered":"V\u0259t\u0259nda\u015flar\u0131 silahdan istifad\u0259 etm\u0259y\u0259 t\u0259\u015fviq edirik"},"content":{"rendered":"<p><img decoding=\"async\" src=\"https:\/\/Millinews.az\/storage\/2023\/04\/24\/netanyahu.jpg\" alt=\"\" title=\"\"><\/p>\n<div id=\"mvp-content-main\">\n<p><strong>Quru h\u00fccumuna haz\u0131rla\u015f\u0131r\u0131q. Bunun n\u0259 vaxt v\u0259 nec\u0259 olaca\u011f\u0131 il\u0259 ba\u011fl\u0131 he\u00e7 bir t\u0259f\u0259rr\u00fcat verm\u0259y\u0259c\u0259y\u0259m. <\/strong><\/p>\n<p><strong><a target=\"_blank\" href=\"https:\/\/Millinews.az\" rel=\"noopener\">Millinews.az<\/a> <\/strong>xarici K\u0130V-\u0259 istinad\u0259n x\u0259b\u0259r verir ki, bu fikirl\u0259ri \u0130srailin Ba\u015f naziri Benyamin Netanyahu xalqa m\u00fcraci\u0259ti zaman\u0131 deyib:<\/p>\n<p>\u201cN\u0259z\u0259r\u0259 ald\u0131\u011f\u0131m\u0131z qiym\u0259tl\u0259ndirm\u0259l\u0259r bar\u0259d\u0259 \u0259trafl\u0131 m\u0259lumat dem\u0259y\u0259c\u0259m. Bu qiym\u0259tl\u0259ndirm\u0259l\u0259rin \u0259ks\u0259riyy\u0259ti \u0130srail ictimaiyy\u0259tin\u0259 m\u0259lum deyil v\u0259 bu, yax\u015f\u0131 hald\u0131r\u201d.<\/p>\n<p>Netanyahu \u0130srail v\u0259t\u0259nda\u015flar\u0131n\u0131n silahdan istifad\u0259sin\u0259 d\u0259 ayd\u0131nl\u0131q g\u0259tirib:<\/p>\n<p>\u201cV\u0259t\u0259nda\u015flar\u0131 silahdan istifad\u0259 etm\u0259y\u0259 t\u0259\u015fviq edirik, amma bunu idar\u0259li \u015f\u0259kild\u0259 etm\u0259y\u0259 \u00e7al\u0131\u015f\u0131r\u0131q\u201d.<\/p>\n<\/p><\/div>\n<p><script>\n        (function (d, s, id) {\n            var js, fjs = d.getElementsByTagName(s)[0];\n            if (d.getElementById(id)) return;\n            js = d.createElement(s);\n            js.id = id;\n            js.src = \"\/\/connect.facebook.net\/az_AZ\/sdk.js#xfbml=1&version=v2.7&appId=\";\n            fjs.parentNode.insertBefore(js, fjs);\n        }(document, 'script', 'facebook-jssdk'));\n    <\/script><\/p>\n","protected":false},"excerpt":{"rendered":"<p>Quru h\u00fccumuna haz\u0131rla\u015f\u0131r\u0131q. Bunun n\u0259 vaxt v\u0259 nec\u0259 olaca\u011f\u0131 il\u0259 ba\u011fl\u0131 he\u00e7 bir t\u0259f\u0259rr\u00fcat verm\u0259y\u0259c\u0259y\u0259m. Millinews.az xarici K\u0130V-\u0259 istinad\u0259n x\u0259b\u0259r verir ki, bu fikirl\u0259ri \u0130srailin Ba\u015f naziri Benyamin Netanyahu xalqa m\u00fcraci\u0259ti zaman\u0131 deyib: \u201cN\u0259z\u0259r\u0259 ald\u0131\u011f\u0131m\u0131z qiym\u0259tl\u0259ndirm\u0259l\u0259r bar\u0259d\u0259 \u0259trafl\u0131 m\u0259lumat dem\u0259y\u0259c\u0259m. Bu qiym\u0259tl\u0259ndirm\u0259l\u0259rin \u0259ks\u0259riyy\u0259ti \u0130srail ictimaiyy\u0259tin\u0259 m\u0259lum deyil v\u0259 bu, yax\u015f\u0131 hald\u0131r\u201d. Netanyahu \u0130srail v\u0259t\u0259nda\u015flar\u0131n\u0131n silahdan &hellip;<\/p>\n","protected":false},"author":1,"featured_media":5144,"comment_status":"open","ping_status":"closed","sticky":false,"template":"","format":"standard","meta":{"footnotes":""},"categories":[9],"tags":[],"class_list":["post-5143","post","type-post","status-publish","format-standard","has-post-thumbnail","hentry","category-xeber"],"_links":{"self":[{"href":"https:\/\/millitv.net\/index.php?rest_route=\/wp\/v2\/posts\/5143","targetHints":{"allow":["GET"]}}],"collection":[{"href":"https:\/\/millitv.net\/index.php?rest_route=\/wp\/v2\/posts"}],"about":[{"href":"https:\/\/millitv.net\/index.php?rest_route=\/wp\/v2\/types\/post"}],"author":[{"embeddable":true,"href":"https:\/\/millitv.net\/index.php?rest_route=\/wp\/v2\/users\/1"}],"replies":[{"embeddable":true,"href":"https:\/\/millitv.net\/index.php?rest_route=%2Fwp%2Fv2%2Fcomments&post=5143"}],"version-history":[{"count":0,"href":"https:\/\/millitv.net\/index.php?rest_route=\/wp\/v2\/posts\/5143\/revisions"}],"wp:featuredmedia":[{"embeddable":true,"href":"https:\/\/millitv.net\/index.php?rest_route=\/wp\/v2\/media\/5144"}],"wp:attachment":[{"href":"https:\/\/millitv.net\/index.php?rest_route=%2Fwp%2Fv2%2Fmedia&parent=5143"}],"wp:term":[{"taxonomy":"category","embeddable":true,"href":"https:\/\/millitv.net\/index.php?rest_route=%2Fwp%2Fv2%2Fcategories&post=5143"},{"taxonomy":"post_tag","embeddable":true,"href":"https:\/\/millitv.net\/index.php?rest_route=%2Fwp%2Fv2%2Ftags&post=5143"}],"curies":[{"name":"wp","href":"https:\/\/api.w.org\/{rel}","templated":true}]}}