{"id":5125,"date":"2023-10-25T22:23:48","date_gmt":"2023-10-25T22:23:48","guid":{"rendered":"https:\/\/millinews.az\/xeber\/bayden-yen%C9%99-olk%C9%99l%C9%99ri-qarisdirdi-video\/"},"modified":"2023-10-25T22:23:48","modified_gmt":"2023-10-25T22:23:48","slug":"bayden-yen%C9%99-olk%C9%99l%C9%99ri-qarisdirdi-video","status":"publish","type":"post","link":"https:\/\/millitv.net\/?p=5125","title":{"rendered":"Bayden yen\u0259 \u00f6lk\u0259l\u0259ri qar\u0131\u015fd\u0131rd\u0131 &#8211; V\u0130DEO"},"content":{"rendered":"<p><img decoding=\"async\" src=\"https:\/\/Millinews.az\/storage\/2023\/06\/12\/bayden1.jpg\" alt=\"\" title=\"\"><\/p>\n<div id=\"mvp-content-main\">\n<p><strong>AB\u015e Prezidenti Co Bayden humanitar yard\u0131m ed\u0259n \u00f6lk\u0259l\u0259ri qar\u0131\u015fd\u0131r\u0131b. <\/strong><\/p>\n<p><strong><a target=\"_blank\" href=\"https:\/\/Millinews.az\" rel=\"noopener\">Millinews.az<\/a> <\/strong>x\u0259b\u0259r verir ki, canl\u0131 yay\u0131mda m\u00fcraci\u0259ti zaman\u0131 Bayden Misir Prezidentin\u0259 t\u0259\u015f\u0259kk\u00fcr etm\u0259k \u0259v\u0259zin\u0259, Q\u0259zza b\u00f6lg\u0259sin\u0259 yard\u0131ma g\u00f6r\u0259 f\u0259l\u0259stinlil\u0259r\u0259 t\u0259\u015f\u0259kk\u00fcr edib.<\/p>\n<p><iframe loading=\"lazy\" allow=\"autoplay\" allowfullscreen=\"\" frameborder=\"0\" height=\"315\" src=\"https:\/\/ok.ru\/videoembed\/6289939958371\" width=\"560\"><\/iframe><\/p>\n<\/p><\/div>\n<p><script>\n        (function (d, s, id) {\n            var js, fjs = d.getElementsByTagName(s)[0];\n            if (d.getElementById(id)) return;\n            js = d.createElement(s);\n            js.id = id;\n            js.src = \"\/\/connect.facebook.net\/az_AZ\/sdk.js#xfbml=1&version=v2.7&appId=\";\n            fjs.parentNode.insertBefore(js, fjs);\n        }(document, 'script', 'facebook-jssdk'));\n    <\/script><\/p>\n","protected":false},"excerpt":{"rendered":"<p>AB\u015e Prezidenti Co Bayden humanitar yard\u0131m ed\u0259n \u00f6lk\u0259l\u0259ri qar\u0131\u015fd\u0131r\u0131b. Millinews.az x\u0259b\u0259r verir ki, canl\u0131 yay\u0131mda m\u00fcraci\u0259ti zaman\u0131 Bayden Misir Prezidentin\u0259 t\u0259\u015f\u0259kk\u00fcr etm\u0259k \u0259v\u0259zin\u0259, Q\u0259zza b\u00f6lg\u0259sin\u0259 yard\u0131ma g\u00f6r\u0259 f\u0259l\u0259stinlil\u0259r\u0259 t\u0259\u015f\u0259kk\u00fcr edib.<\/p>\n","protected":false},"author":1,"featured_media":5126,"comment_status":"open","ping_status":"closed","sticky":false,"template":"","format":"standard","meta":{"footnotes":""},"categories":[9],"tags":[],"class_list":["post-5125","post","type-post","status-publish","format-standard","has-post-thumbnail","hentry","category-xeber"],"_links":{"self":[{"href":"https:\/\/millitv.net\/index.php?rest_route=\/wp\/v2\/posts\/5125","targetHints":{"allow":["GET"]}}],"collection":[{"href":"https:\/\/millitv.net\/index.php?rest_route=\/wp\/v2\/posts"}],"about":[{"href":"https:\/\/millitv.net\/index.php?rest_route=\/wp\/v2\/types\/post"}],"author":[{"embeddable":true,"href":"https:\/\/millitv.net\/index.php?rest_route=\/wp\/v2\/users\/1"}],"replies":[{"embeddable":true,"href":"https:\/\/millitv.net\/index.php?rest_route=%2Fwp%2Fv2%2Fcomments&post=5125"}],"version-history":[{"count":0,"href":"https:\/\/millitv.net\/index.php?rest_route=\/wp\/v2\/posts\/5125\/revisions"}],"wp:featuredmedia":[{"embeddable":true,"href":"https:\/\/millitv.net\/index.php?rest_route=\/wp\/v2\/media\/5126"}],"wp:attachment":[{"href":"https:\/\/millitv.net\/index.php?rest_route=%2Fwp%2Fv2%2Fmedia&parent=5125"}],"wp:term":[{"taxonomy":"category","embeddable":true,"href":"https:\/\/millitv.net\/index.php?rest_route=%2Fwp%2Fv2%2Fcategories&post=5125"},{"taxonomy":"post_tag","embeddable":true,"href":"https:\/\/millitv.net\/index.php?rest_route=%2Fwp%2Fv2%2Ftags&post=5125"}],"curies":[{"name":"wp","href":"https:\/\/api.w.org\/{rel}","templated":true}]}}