{"id":5098,"date":"2023-10-25T20:08:54","date_gmt":"2023-10-25T20:08:54","guid":{"rendered":"https:\/\/millinews.az\/xeber\/rusiya-mn-xank%C9%99ndinin-adini-boyuk-h%C9%99rfl%C9%99rl%C9%99-yazdi\/"},"modified":"2023-10-25T20:08:54","modified_gmt":"2023-10-25T20:08:54","slug":"rusiya-mn-xank%C9%99ndinin-adini-boyuk-h%C9%99rfl%C9%99rl%C9%99-yazdi","status":"publish","type":"post","link":"https:\/\/millitv.net\/?p=5098","title":{"rendered":"Rusiya MN Xank\u0259ndinin ad\u0131n\u0131 b\u00f6y\u00fck h\u0259rfl\u0259rl\u0259 yazd\u0131"},"content":{"rendered":"<div id=\"maincontent\">&#13;<br \/>\n        &#13;<\/p>\n<p><strong>Az\u0259rbaycan\u0131n Qaraba\u011f b\u00f6lg\u0259sind\u0259 m\u00fcv\u0259qq\u0259ti f\u0259aliyy\u0259t g\u00f6st\u0259r\u0259n Rusiya s\u00fclhm\u0259raml\u0131 kontingentinin g\u00fcnd\u0259lik b\u00fclleteni yay\u0131mlan\u0131b.<\/strong><\/p>\n<p><a href=\"https:\/\/Millinews.az\" target=\"_blank\" class=\"kw-link\" rel=\"noopener\">Millinews.az<\/a> Qafqazinfo-ya istinad\u0259n x\u0259b\u0259r verir ki, Rusiya M\u00fcdafi\u0259 Nazirliyinin yayd\u0131\u011f\u0131 b\u00fclletend\u0259 Az\u0259rbaycan\u0131n Xank\u0259ndi \u015f\u0259h\u0259rinin ad\u0131n\u0131n b\u00f6y\u00fck h\u0259rfl\u0259rl\u0259 qeyd\u0259 olunmas\u0131 diqq\u0259t \u00e7\u0259kib. &#13;\n<\/p>\n<p>B\u00fclletend\u0259 deyilir:<\/p>\n<p>\u201cRusiya s\u00fclhm\u0259raml\u0131 kontingenti Az\u0259rbaycan Respublikas\u0131n\u0131n Qaraba\u011f \u0130qtisadi Rayonu \u0259razisind\u0259 tap\u015f\u0131r\u0131qlar\u0131 yerin\u0259 yetirm\u0259kd\u0259 davam edir. <\/p>\n<p>Rusiya s\u00fclhm\u0259raml\u0131 kontingentinin m\u0259suliyy\u0259t da\u015f\u0131d\u0131\u011f\u0131 \u0259razid\u0259 at\u0259\u015fk\u0259s rejiminin pozulmas\u0131 qeyd\u0259 al\u0131nmay\u0131b.<\/p>\n<p>2023-c\u00fc il sentyabr\u0131n 19-dan etibar\u0259n Rusiya s\u00fclhm\u0259raml\u0131lar\u0131n\u0131n A\u011fd\u0259r\u0259, Xocav\u0259nd, Xocal\u0131 v\u0259 \u015eu\u015fa rayonlar\u0131nda s\u0259kkiz m\u00fc\u015fahid\u0259 m\u0259nt\u0259q\u0259si v\u0259 16 m\u00fcv\u0259qq\u0259ti m\u00fc\u015fahid\u0259 m\u0259nt\u0259q\u0259si ba\u011flan\u0131b.<\/p>\n<p>Sentyabr\u0131n 24-d\u0259 XANK\u018fND\u0130 \u015f\u0259h\u0259ri v\u0259 \u0259traf \u0259razil\u0259rd\u0259 elektrik enerjisinin verili\u015fi b\u0259rpa edilib. Az\u0259rbaycandan ibar\u0259t birg\u0259 qrup RMK h\u0259rbi qulluq\u00e7ular\u0131n\u0131n m\u00fc\u015fayi\u0259ti il\u0259 \u0259halinin m\u0259skunla\u015fd\u0131\u011f\u0131 \u0259razil\u0259r\u0259 elektrik enerjisinin verilm\u0259sinin b\u0259rpas\u0131 istiqam\u0259tind\u0259 i\u015fl\u0259ri davam etdirir.<\/p>\n<p>Yollarda h\u0259r\u0259k\u0259tin t\u0259hl\u00fck\u0259sizliyini t\u0259min etm\u0259k \u00fc\u00e7\u00fcn alt\u0131 post, o c\u00fcml\u0259d\u0259n ikisi Az\u0259rbaycan t\u0259r\u0259fi il\u0259 birg\u0259 qura\u015fd\u0131r\u0131l\u0131b\u201d.<\/p>\n<p><img decoding=\"async\" src=\"https:\/\/Millinews.az\/uploads\/1\/bcc5ff50bc-x1.jpg\" alt=\"\" title=\"\">&#13;<br \/>\n        &#13;<br \/>\n&#13;<br \/>\n        &#13;<br \/>\n&#13;\n        <\/p>\n<p><noscript><\/p>\n<p>You must enable Javascript on your browser for the site to work optimally and display sections completely.<\/p>\n<p><\/noscript>\t\t&#13;<br \/>\n\t\t&#13;\n    <\/div>\n<p><script type=\"text\/javascript\">jQuery(document).ready(function () {\n(function(d, s, id) {\n    var js, fjs = d.getElementsByTagName(s)[0];\n    if (d.getElementById(id))\n        return;\n    js = d.createElement(s);\n    js.id = id;\n    js.src = \"\/\/connect.facebook.net\/az_AZ\/all.js#xfbml=1&appId=1002485763137712\";\n    fjs.parentNode.insertBefore(js, fjs);\n}(document, 'script', 'facebook-jssdk'));                \n});<\/script><\/p>\n","protected":false},"excerpt":{"rendered":"<p>&#13; &#13; Az\u0259rbaycan\u0131n Qaraba\u011f b\u00f6lg\u0259sind\u0259 m\u00fcv\u0259qq\u0259ti f\u0259aliyy\u0259t g\u00f6st\u0259r\u0259n Rusiya s\u00fclhm\u0259raml\u0131 kontingentinin g\u00fcnd\u0259lik b\u00fclleteni yay\u0131mlan\u0131b. Millinews.az Qafqazinfo-ya istinad\u0259n x\u0259b\u0259r verir ki, Rusiya M\u00fcdafi\u0259 Nazirliyinin yayd\u0131\u011f\u0131 b\u00fclletend\u0259 Az\u0259rbaycan\u0131n Xank\u0259ndi \u015f\u0259h\u0259rinin ad\u0131n\u0131n b\u00f6y\u00fck h\u0259rfl\u0259rl\u0259 qeyd\u0259 olunmas\u0131 diqq\u0259t \u00e7\u0259kib. &#13; B\u00fclletend\u0259 deyilir: \u201cRusiya s\u00fclhm\u0259raml\u0131 kontingenti Az\u0259rbaycan Respublikas\u0131n\u0131n Qaraba\u011f \u0130qtisadi Rayonu \u0259razisind\u0259 tap\u015f\u0131r\u0131qlar\u0131 yerin\u0259 yetirm\u0259kd\u0259 davam edir. Rusiya s\u00fclhm\u0259raml\u0131 kontingentinin &hellip;<\/p>\n","protected":false},"author":1,"featured_media":5099,"comment_status":"open","ping_status":"closed","sticky":false,"template":"","format":"standard","meta":{"footnotes":""},"categories":[9],"tags":[],"class_list":["post-5098","post","type-post","status-publish","format-standard","has-post-thumbnail","hentry","category-xeber"],"_links":{"self":[{"href":"https:\/\/millitv.net\/index.php?rest_route=\/wp\/v2\/posts\/5098","targetHints":{"allow":["GET"]}}],"collection":[{"href":"https:\/\/millitv.net\/index.php?rest_route=\/wp\/v2\/posts"}],"about":[{"href":"https:\/\/millitv.net\/index.php?rest_route=\/wp\/v2\/types\/post"}],"author":[{"embeddable":true,"href":"https:\/\/millitv.net\/index.php?rest_route=\/wp\/v2\/users\/1"}],"replies":[{"embeddable":true,"href":"https:\/\/millitv.net\/index.php?rest_route=%2Fwp%2Fv2%2Fcomments&post=5098"}],"version-history":[{"count":0,"href":"https:\/\/millitv.net\/index.php?rest_route=\/wp\/v2\/posts\/5098\/revisions"}],"wp:featuredmedia":[{"embeddable":true,"href":"https:\/\/millitv.net\/index.php?rest_route=\/wp\/v2\/media\/5099"}],"wp:attachment":[{"href":"https:\/\/millitv.net\/index.php?rest_route=%2Fwp%2Fv2%2Fmedia&parent=5098"}],"wp:term":[{"taxonomy":"category","embeddable":true,"href":"https:\/\/millitv.net\/index.php?rest_route=%2Fwp%2Fv2%2Fcategories&post=5098"},{"taxonomy":"post_tag","embeddable":true,"href":"https:\/\/millitv.net\/index.php?rest_route=%2Fwp%2Fv2%2Ftags&post=5098"}],"curies":[{"name":"wp","href":"https:\/\/api.w.org\/{rel}","templated":true}]}}