{"id":5089,"date":"2023-10-25T19:24:33","date_gmt":"2023-10-25T19:24:33","guid":{"rendered":"https:\/\/millinews.az\/xeber\/israili-mudafi%C9%99-etm%C9%99k-ucun-h%C9%99r-seyi-t%C9%99min-ed%C9%99c%C9%99yik\/"},"modified":"2023-10-25T19:24:33","modified_gmt":"2023-10-25T19:24:33","slug":"israili-mudafi%C9%99-etm%C9%99k-ucun-h%C9%99r-seyi-t%C9%99min-ed%C9%99c%C9%99yik","status":"publish","type":"post","link":"https:\/\/millitv.net\/?p=5089","title":{"rendered":"\u201c\u0130sraili m\u00fcdafi\u0259 etm\u0259k \u00fc\u00e7\u00fcn h\u0259r \u015feyi t\u0259min ed\u0259c\u0259yik\u201d"},"content":{"rendered":"<p><img decoding=\"async\" src=\"https:\/\/Millinews.az\/storage\/2023\/03\/29\/bayden.jpg\" alt=\"\" title=\"\"><\/p>\n<div id=\"mvp-content-main\">\n<p><strong>Biz \u0130sraili H\u018fMAS terror\u00e7ular\u0131ndan m\u00fcdafi\u0259 etm\u0259k \u00fc\u00e7\u00fcn laz\u0131m olan h\u0259r \u015feyi t\u0259min ed\u0259c\u0259yik. Va\u015finqton buna z\u0259man\u0259t ver\u0259c\u0259k.<\/strong><\/p>\n<p><strong><a target=\"_blank\" href=\"https:\/\/Millinews.az\" rel=\"noopener\">Millinews.az<\/a> <\/strong>\u201cTASS\u201da istinad\u0259n x\u0259b\u0259r verir ki, bunu AB\u015e Prezidenti Co Bayden Avstraliyan\u0131n Ba\u015f naziri Entoni Albanese il\u0259 A\u011f Evd\u0259 dan\u0131\u015f\u0131qlardan sonra ke\u00e7irdiyi birg\u0259 m\u0259tbuat konfrans\u0131nda deyib.<\/p>\n<p>AB\u015e liderinin s\u00f6zl\u0259rin\u0259 g\u00f6r\u0259, \u0130srail \u00f6z xalq\u0131na qar\u015f\u0131 h\u00fccumlara cavab verm\u0259k h\u00fcququ v\u0259 \u00f6hd\u0259liyin\u0259 malikdir.<\/p>\n<\/p><\/div>\n<p><script>\n        (function (d, s, id) {\n            var js, fjs = d.getElementsByTagName(s)[0];\n            if (d.getElementById(id)) return;\n            js = d.createElement(s);\n            js.id = id;\n            js.src = \"\/\/connect.facebook.net\/az_AZ\/sdk.js#xfbml=1&version=v2.7&appId=\";\n            fjs.parentNode.insertBefore(js, fjs);\n        }(document, 'script', 'facebook-jssdk'));\n    <\/script><\/p>\n","protected":false},"excerpt":{"rendered":"<p>Biz \u0130sraili H\u018fMAS terror\u00e7ular\u0131ndan m\u00fcdafi\u0259 etm\u0259k \u00fc\u00e7\u00fcn laz\u0131m olan h\u0259r \u015feyi t\u0259min ed\u0259c\u0259yik. Va\u015finqton buna z\u0259man\u0259t ver\u0259c\u0259k. Millinews.az \u201cTASS\u201da istinad\u0259n x\u0259b\u0259r verir ki, bunu AB\u015e Prezidenti Co Bayden Avstraliyan\u0131n Ba\u015f naziri Entoni Albanese il\u0259 A\u011f Evd\u0259 dan\u0131\u015f\u0131qlardan sonra ke\u00e7irdiyi birg\u0259 m\u0259tbuat konfrans\u0131nda deyib. AB\u015e liderinin s\u00f6zl\u0259rin\u0259 g\u00f6r\u0259, \u0130srail \u00f6z xalq\u0131na qar\u015f\u0131 h\u00fccumlara cavab verm\u0259k h\u00fcququ &hellip;<\/p>\n","protected":false},"author":1,"featured_media":3085,"comment_status":"open","ping_status":"closed","sticky":false,"template":"","format":"standard","meta":{"footnotes":""},"categories":[9],"tags":[],"class_list":["post-5089","post","type-post","status-publish","format-standard","has-post-thumbnail","hentry","category-xeber"],"_links":{"self":[{"href":"https:\/\/millitv.net\/index.php?rest_route=\/wp\/v2\/posts\/5089","targetHints":{"allow":["GET"]}}],"collection":[{"href":"https:\/\/millitv.net\/index.php?rest_route=\/wp\/v2\/posts"}],"about":[{"href":"https:\/\/millitv.net\/index.php?rest_route=\/wp\/v2\/types\/post"}],"author":[{"embeddable":true,"href":"https:\/\/millitv.net\/index.php?rest_route=\/wp\/v2\/users\/1"}],"replies":[{"embeddable":true,"href":"https:\/\/millitv.net\/index.php?rest_route=%2Fwp%2Fv2%2Fcomments&post=5089"}],"version-history":[{"count":0,"href":"https:\/\/millitv.net\/index.php?rest_route=\/wp\/v2\/posts\/5089\/revisions"}],"wp:featuredmedia":[{"embeddable":true,"href":"https:\/\/millitv.net\/index.php?rest_route=\/wp\/v2\/media\/3085"}],"wp:attachment":[{"href":"https:\/\/millitv.net\/index.php?rest_route=%2Fwp%2Fv2%2Fmedia&parent=5089"}],"wp:term":[{"taxonomy":"category","embeddable":true,"href":"https:\/\/millitv.net\/index.php?rest_route=%2Fwp%2Fv2%2Fcategories&post=5089"},{"taxonomy":"post_tag","embeddable":true,"href":"https:\/\/millitv.net\/index.php?rest_route=%2Fwp%2Fv2%2Ftags&post=5089"}],"curies":[{"name":"wp","href":"https:\/\/api.w.org\/{rel}","templated":true}]}}