{"id":5081,"date":"2023-10-25T18:37:29","date_gmt":"2023-10-25T18:37:29","guid":{"rendered":"https:\/\/millinews.az\/xeber\/ai-liderl%C9%99ri-israil-v%C9%99-f%C9%99l%C9%99stin%C9%99-gor%C9%99-toplanir\/"},"modified":"2023-10-25T18:37:29","modified_gmt":"2023-10-25T18:37:29","slug":"ai-liderl%C9%99ri-israil-v%C9%99-f%C9%99l%C9%99stin%C9%99-gor%C9%99-toplanir","status":"publish","type":"post","link":"https:\/\/millitv.net\/?p=5081","title":{"rendered":"A\u0130 liderl\u0259ri \u0130srail v\u0259 F\u0259l\u0259stin\u0259 g\u00f6r\u0259 toplan\u0131r"},"content":{"rendered":"<p><img decoding=\"async\" src=\"https:\/\/Millinews.az\/storage\/2023\/10\/25\/avrupa-birligi-ab-reu-1543462__1_.jpg\" alt=\"\" title=\"\"><\/p>\n<div id=\"mvp-content-main\">\n<p><strong>Avropa \u0130ttifaq\u0131 (A\u0130) \u00f6lk\u0259l\u0259rinin liderl\u0259ri Bel\u00e7ikada bir araya g\u0259l\u0259r\u0259k Q\u0259zzaya yard\u0131mlar\u0131n \u00e7atd\u0131r\u0131lmas\u0131 \u00fc\u00e7\u00fcn m\u00fcxt\u0259lif m\u00f6vzular, x\u00fcsusil\u0259 \u0130srail-F\u0259l\u0259stin m\u00fcnaqi\u015f\u0259sind\u0259ki son v\u0259ziyy\u0259ti m\u00fczakir\u0259 ed\u0259c\u0259kl\u0259r.<\/strong><\/p>\n<p><strong><a target=\"_blank\" href=\"https:\/\/Millinews.az\" rel=\"noopener\">Millinews.az<\/a><\/strong> xarici K\u0130V-\u0259 istinad\u0259n x\u0259b\u0259r verir ki, iki g\u00fcn davam etm\u0259si planla\u015fd\u0131r\u0131lan Liderl\u0259r Zirv\u0259si sabah Br\u00fcsseld\u0259ki A\u0130 \u015euras\u0131n\u0131n binas\u0131nda ba\u015flayacaq.<\/p>\n<\/p><\/div>\n<p><script>\n        (function (d, s, id) {\n            var js, fjs = d.getElementsByTagName(s)[0];\n            if (d.getElementById(id)) return;\n            js = d.createElement(s);\n            js.id = id;\n            js.src = \"\/\/connect.facebook.net\/az_AZ\/sdk.js#xfbml=1&version=v2.7&appId=\";\n            fjs.parentNode.insertBefore(js, fjs);\n        }(document, 'script', 'facebook-jssdk'));\n    <\/script><\/p>\n","protected":false},"excerpt":{"rendered":"<p>Avropa \u0130ttifaq\u0131 (A\u0130) \u00f6lk\u0259l\u0259rinin liderl\u0259ri Bel\u00e7ikada bir araya g\u0259l\u0259r\u0259k Q\u0259zzaya yard\u0131mlar\u0131n \u00e7atd\u0131r\u0131lmas\u0131 \u00fc\u00e7\u00fcn m\u00fcxt\u0259lif m\u00f6vzular, x\u00fcsusil\u0259 \u0130srail-F\u0259l\u0259stin m\u00fcnaqi\u015f\u0259sind\u0259ki son v\u0259ziyy\u0259ti m\u00fczakir\u0259 ed\u0259c\u0259kl\u0259r. Millinews.az xarici K\u0130V-\u0259 istinad\u0259n x\u0259b\u0259r verir ki, iki g\u00fcn davam etm\u0259si planla\u015fd\u0131r\u0131lan Liderl\u0259r Zirv\u0259si sabah Br\u00fcsseld\u0259ki A\u0130 \u015euras\u0131n\u0131n binas\u0131nda ba\u015flayacaq.<\/p>\n","protected":false},"author":1,"featured_media":5082,"comment_status":"open","ping_status":"closed","sticky":false,"template":"","format":"standard","meta":{"footnotes":""},"categories":[9],"tags":[],"class_list":["post-5081","post","type-post","status-publish","format-standard","has-post-thumbnail","hentry","category-xeber"],"_links":{"self":[{"href":"https:\/\/millitv.net\/index.php?rest_route=\/wp\/v2\/posts\/5081","targetHints":{"allow":["GET"]}}],"collection":[{"href":"https:\/\/millitv.net\/index.php?rest_route=\/wp\/v2\/posts"}],"about":[{"href":"https:\/\/millitv.net\/index.php?rest_route=\/wp\/v2\/types\/post"}],"author":[{"embeddable":true,"href":"https:\/\/millitv.net\/index.php?rest_route=\/wp\/v2\/users\/1"}],"replies":[{"embeddable":true,"href":"https:\/\/millitv.net\/index.php?rest_route=%2Fwp%2Fv2%2Fcomments&post=5081"}],"version-history":[{"count":0,"href":"https:\/\/millitv.net\/index.php?rest_route=\/wp\/v2\/posts\/5081\/revisions"}],"wp:featuredmedia":[{"embeddable":true,"href":"https:\/\/millitv.net\/index.php?rest_route=\/wp\/v2\/media\/5082"}],"wp:attachment":[{"href":"https:\/\/millitv.net\/index.php?rest_route=%2Fwp%2Fv2%2Fmedia&parent=5081"}],"wp:term":[{"taxonomy":"category","embeddable":true,"href":"https:\/\/millitv.net\/index.php?rest_route=%2Fwp%2Fv2%2Fcategories&post=5081"},{"taxonomy":"post_tag","embeddable":true,"href":"https:\/\/millitv.net\/index.php?rest_route=%2Fwp%2Fv2%2Ftags&post=5081"}],"curies":[{"name":"wp","href":"https:\/\/api.w.org\/{rel}","templated":true}]}}