{"id":5078,"date":"2023-10-25T18:23:00","date_gmt":"2023-10-25T18:23:00","guid":{"rendered":"https:\/\/millinews.az\/xeber\/brussel-gorusu-niy%C9%99-bas-tutmadi\/"},"modified":"2023-10-25T18:23:00","modified_gmt":"2023-10-25T18:23:00","slug":"brussel-gorusu-niy%C9%99-bas-tutmadi","status":"publish","type":"post","link":"https:\/\/millitv.net\/?p=5078","title":{"rendered":"Br\u00fcssel g\u00f6r\u00fc\u015f\u00fc niy\u0259 ba\u015f tutmad\u0131?"},"content":{"rendered":"<p><img decoding=\"async\" src=\"https:\/\/Millinews.az\/storage\/2023\/07\/20\/brussel-.jpg\" alt=\"\" title=\"\"><\/p>\n<div id=\"mvp-content-main\">\n<p><strong>Prezident \u0130lham \u018fliyevl\u0259 Erm\u0259nistan\u0131n Ba\u015f naziri Nikol Pa\u015finyan\u0131n Br\u00fcssel g\u00f6r\u00fc\u015f\u00fc ba\u015f tutmay\u0131b. Avropa \u0130ttifaq\u0131n\u0131n C\u0259nubi Qafqaz \u00fczr\u0259 x\u00fcsusi n\u00fcmay\u0259nd\u0259si Toivo Klaar bildirib ki, Br\u00fcsseld\u0259 bu ay g\u00f6r\u00fc\u015f olmayacaq.<\/strong><\/p>\n<p>Avropa \u0130ttifaq\u0131 bu g\u00f6r\u00fc\u015f\u00fcn t\u0259\u015fkilin\u0259 ciddi \u015f\u0259kild\u0259 haz\u0131rla\u015f\u0131rd\u0131 v\u0259 t\u0259r\u0259fl\u0259rd\u0259n raz\u0131l\u0131q ald\u0131qlar\u0131n\u0131 elan etmi\u015fdil\u0259r. Buna r\u0259\u011fm\u0259n, g\u00f6r\u00fc\u015f\u00fcn ke\u00e7irilm\u0259m\u0259si suallar do\u011furur.<\/p>\n<p>A\u0130 r\u0259smisi s\u0259b\u0259b kimi vaxt azl\u0131\u011f\u0131n\u0131 g\u00f6st\u0259rib. Erm\u0259nistan\u0131n xarici i\u015fl\u0259r naziri Ararat Mirzoyan da iddia edib ki, g\u00f6r\u00fc\u015f\u00fcn ba\u015f tutmas\u0131n\u0131n s\u0259b\u0259bi Az\u0259rbaycan Prezidentinin vaxt azl\u0131\u011f\u0131d\u0131r. R\u0259smi Bak\u0131 m\u0259s\u0259l\u0259y\u0259 m\u00fcnasib\u0259t bildirm\u0259yib.<\/p>\n<p>H\u0259r\u00e7\u0259nd, Bak\u0131n\u0131n g\u00f6r\u00fc\u015fd\u0259n imtinas\u0131 ehtimal\u0131 m\u00fcmk\u00fcn g\u00f6r\u00fcn\u00fcr v\u0259 bu, s\u0259b\u0259bsiz deyil.<\/p>\n<p>Klaar \u201cAB-nin m\u0259qs\u0259di Qaraba\u011f erm\u0259nil\u0259rinin \u00f6z \u201cevl\u0259rin\u0259\u201d qay\u0131tmas\u0131d\u0131r\u201d v\u0259 onlar \u201c\u018fliyevin i\u015ftirak etm\u0259diyi Qranada g\u00f6r\u00fc\u015f\u00fcn\u00fc \u0259sas g\u00f6t\u00fcr\u0259r\u0259k, Br\u00fcsseld\u0259 Az\u0259rbaycan v\u0259 Erm\u0259nistan liderl\u0259rinin g\u00f6r\u00fc\u015f\u00fcn\u00fc t\u0259\u015fkil etm\u0259y\u0259 \u00e7al\u0131\u015f\u0131rlar\u201d deyib.<\/p>\n<p>Daha \u00f6nc\u0259 d\u0259 yazm\u0131\u015fd\u0131q: Avropa Br\u00fcssel g\u00f6r\u00fc\u015f\u00fcnd\u0259 d\u0259 Qranadada Az\u0259rbaycan\u0131n i\u015ftirak\u0131 olmadan q\u0259bul edil\u0259n b\u0259yanat\u0131 ir\u0259li s\u00fcr\u0259c\u0259k v\u0259 bunun q\u0259buluna \u00e7al\u0131\u015facaq.<\/p>\n<p>Qranada b\u0259yanat\u0131nda Qaraba\u011fdan \u00e7\u0131xan erm\u0259nil\u0259rin he\u00e7 bir \u015f\u0259rt olmadan geri qay\u0131tmas\u0131 yer al\u0131r v\u0259 bu, erm\u0259ni separatizminin b\u00f6lg\u0259y\u0259 qay\u0131tmas\u0131 riskini yarad\u0131r. \u00c7\u00fcnki \u201che\u00e7 bir \u015f\u0259rt olmadan\u201d qeydi Az\u0259rbaycan\u0131n qay\u0131tmaq ist\u0259y\u0259n erm\u0259nil\u0259r\u0259 \u201cv\u0259t\u0259nda\u015fl\u0131\u011f\u0131n q\u0259bulu\u201d t\u0259l\u0259bin\u0259 qar\u015f\u0131d\u0131r. B\u0259yanat kommunikasiyan\u0131n a\u00e7\u0131lmas\u0131 v\u0259 s\u0259rh\u0259din delimitasiyas\u0131 da \u0130r\u0259van\u0131n ist\u0259diyi formada h\u0259yata ke\u00e7irilm\u0259sini \u00f6z\u00fcnd\u0259 \u0259ks etdirir. \u018fliyevin Fransan\u0131n t\u0259\u015f\u0259bb\u00fcs\u00fc il\u0259 ke\u00e7iril\u0259n h\u0259min g\u00f6r\u00fc\u015fd\u0259n imtinas\u0131n\u0131n s\u0259b\u0259bl\u0259rind\u0259n birinin m\u0259hz m\u0259tni \u00f6nc\u0259d\u0259n haz\u0131rlanm\u0131\u015f bu b\u0259yanat oldu\u011fu istina edilm\u0259m\u0259lidir.<\/p>\n<p>A\u0130-nin Qranada b\u0259yanat\u0131n\u0131, yaxud buna uy\u011fun m\u0259tni Br\u00fcssel format\u0131na da\u015f\u0131maq ist\u0259yi ayd\u0131n g\u00f6r\u00fcn\u00fcr. Klaar\u0131n \u201cm\u0259qs\u0259dimiz Qaraba\u011f erm\u0259nil\u0259rinin \u00f6z evl\u0259rin\u0259 qay\u0131tmas\u0131na nail olmaqd\u0131r\u201d s\u00f6zl\u0259ri d\u0259 bunu dem\u0259y\u0259 \u0259sas verir. Bu yana\u015fma Erm\u0259nistan\u0131n m\u00f6vqeyinin q\u0259bul etdirilm\u0259si m\u0259qs\u0259di da\u015f\u0131y\u0131r v\u0259 bel\u0259 g\u00f6r\u00fcn\u00fcr ki, yana\u015fma d\u0259yi\u015fm\u0259y\u0259c\u0259yi t\u0259qdird\u0259 Bak\u0131 Br\u00fcssel format\u0131n\u0131 da s\u0131radan \u00e7\u0131xaracaq.<\/p>\n<p><strong>Asif N\u0259rimanl\u0131<\/strong><\/p>\n<\/p><\/div>\n<p><script>\n        (function (d, s, id) {\n            var js, fjs = d.getElementsByTagName(s)[0];\n            if (d.getElementById(id)) return;\n            js = d.createElement(s);\n            js.id = id;\n            js.src = \"\/\/connect.facebook.net\/az_AZ\/sdk.js#xfbml=1&version=v2.7&appId=\";\n            fjs.parentNode.insertBefore(js, fjs);\n        }(document, 'script', 'facebook-jssdk'));\n    <\/script><\/p>\n","protected":false},"excerpt":{"rendered":"<p>Prezident \u0130lham \u018fliyevl\u0259 Erm\u0259nistan\u0131n Ba\u015f naziri Nikol Pa\u015finyan\u0131n Br\u00fcssel g\u00f6r\u00fc\u015f\u00fc ba\u015f tutmay\u0131b. Avropa \u0130ttifaq\u0131n\u0131n C\u0259nubi Qafqaz \u00fczr\u0259 x\u00fcsusi n\u00fcmay\u0259nd\u0259si Toivo Klaar bildirib ki, Br\u00fcsseld\u0259 bu ay g\u00f6r\u00fc\u015f olmayacaq. Avropa \u0130ttifaq\u0131 bu g\u00f6r\u00fc\u015f\u00fcn t\u0259\u015fkilin\u0259 ciddi \u015f\u0259kild\u0259 haz\u0131rla\u015f\u0131rd\u0131 v\u0259 t\u0259r\u0259fl\u0259rd\u0259n raz\u0131l\u0131q ald\u0131qlar\u0131n\u0131 elan etmi\u015fdil\u0259r. Buna r\u0259\u011fm\u0259n, g\u00f6r\u00fc\u015f\u00fcn ke\u00e7irilm\u0259m\u0259si suallar do\u011furur. A\u0130 r\u0259smisi s\u0259b\u0259b kimi vaxt azl\u0131\u011f\u0131n\u0131 g\u00f6st\u0259rib. &hellip;<\/p>\n","protected":false},"author":1,"featured_media":5079,"comment_status":"open","ping_status":"closed","sticky":false,"template":"","format":"standard","meta":{"footnotes":""},"categories":[9],"tags":[],"class_list":["post-5078","post","type-post","status-publish","format-standard","has-post-thumbnail","hentry","category-xeber"],"_links":{"self":[{"href":"https:\/\/millitv.net\/index.php?rest_route=\/wp\/v2\/posts\/5078","targetHints":{"allow":["GET"]}}],"collection":[{"href":"https:\/\/millitv.net\/index.php?rest_route=\/wp\/v2\/posts"}],"about":[{"href":"https:\/\/millitv.net\/index.php?rest_route=\/wp\/v2\/types\/post"}],"author":[{"embeddable":true,"href":"https:\/\/millitv.net\/index.php?rest_route=\/wp\/v2\/users\/1"}],"replies":[{"embeddable":true,"href":"https:\/\/millitv.net\/index.php?rest_route=%2Fwp%2Fv2%2Fcomments&post=5078"}],"version-history":[{"count":0,"href":"https:\/\/millitv.net\/index.php?rest_route=\/wp\/v2\/posts\/5078\/revisions"}],"wp:featuredmedia":[{"embeddable":true,"href":"https:\/\/millitv.net\/index.php?rest_route=\/wp\/v2\/media\/5079"}],"wp:attachment":[{"href":"https:\/\/millitv.net\/index.php?rest_route=%2Fwp%2Fv2%2Fmedia&parent=5078"}],"wp:term":[{"taxonomy":"category","embeddable":true,"href":"https:\/\/millitv.net\/index.php?rest_route=%2Fwp%2Fv2%2Fcategories&post=5078"},{"taxonomy":"post_tag","embeddable":true,"href":"https:\/\/millitv.net\/index.php?rest_route=%2Fwp%2Fv2%2Ftags&post=5078"}],"curies":[{"name":"wp","href":"https:\/\/api.w.org\/{rel}","templated":true}]}}