{"id":5053,"date":"2023-10-25T15:55:13","date_gmt":"2023-10-25T15:55:13","guid":{"rendered":"https:\/\/millinews.az\/xeber\/turkiy%C9%99-s%C9%99firliyin%C9%99-hucum-edildi\/"},"modified":"2023-10-25T15:55:13","modified_gmt":"2023-10-25T15:55:13","slug":"turkiy%C9%99-s%C9%99firliyin%C9%99-hucum-edildi","status":"publish","type":"post","link":"https:\/\/millitv.net\/?p=5053","title":{"rendered":"T\u00fcrkiy\u0259 s\u0259firliyin\u0259 h\u00fccum edildi"},"content":{"rendered":"<p><img decoding=\"async\" src=\"https:\/\/Millinews.az\/storage\/2023\/10\/25\/1698248855_6539376a18a2d6539376a18a2e16982485546539376a18a2b6539376a18a2c.jpg\" alt=\"\" title=\"\"><\/p>\n<div id=\"mvp-content-main\">\n<p>Bir qrup radikal T\u00fcrkiy\u0259nin Finlandiyadak\u0131 s\u0259firliyin\u0259 h\u00fccum edilib.<\/p>\n<p><strong><a target=\"_blank\" href=\"https:\/\/Millinews.az\" rel=\"noopener\">Millinews.az<\/a> <\/strong>x\u0259b\u0259r verir ki, s\u0259firliyin giri\u015fin\u0259 boya v\u0259 t\u00fcst\u00fc bombalar\u0131 at\u0131l\u0131b.<\/p>\n<p>Polis v\u0259 xilasetm\u0259 qruplar\u0131 hadis\u0259 yerin\u0259 g\u0259lib.<\/p>\n<p>S\u0259firlikd\u0259n veril\u0259n m\u0259lumata g\u00f6r\u0259, maskal\u0131 \u015f\u0259xsl\u0259r boya v\u0259 t\u00fcst\u00fc bombalar\u0131 il\u0259 h\u00fccum edib.<\/p>\n<p>Hadis\u0259 il\u0259 ba\u011fl\u0131 ara\u015fd\u0131rma ba\u015flay\u0131b. (modern.az)<\/p>\n<\/p><\/div>\n<p><script>\n        (function (d, s, id) {\n            var js, fjs = d.getElementsByTagName(s)[0];\n            if (d.getElementById(id)) return;\n            js = d.createElement(s);\n            js.id = id;\n            js.src = \"\/\/connect.facebook.net\/az_AZ\/sdk.js#xfbml=1&version=v2.7&appId=\";\n            fjs.parentNode.insertBefore(js, fjs);\n        }(document, 'script', 'facebook-jssdk'));\n    <\/script><\/p>\n","protected":false},"excerpt":{"rendered":"<p>Bir qrup radikal T\u00fcrkiy\u0259nin Finlandiyadak\u0131 s\u0259firliyin\u0259 h\u00fccum edilib. Millinews.az x\u0259b\u0259r verir ki, s\u0259firliyin giri\u015fin\u0259 boya v\u0259 t\u00fcst\u00fc bombalar\u0131 at\u0131l\u0131b. Polis v\u0259 xilasetm\u0259 qruplar\u0131 hadis\u0259 yerin\u0259 g\u0259lib. S\u0259firlikd\u0259n veril\u0259n m\u0259lumata g\u00f6r\u0259, maskal\u0131 \u015f\u0259xsl\u0259r boya v\u0259 t\u00fcst\u00fc bombalar\u0131 il\u0259 h\u00fccum edib. Hadis\u0259 il\u0259 ba\u011fl\u0131 ara\u015fd\u0131rma ba\u015flay\u0131b. (modern.az)<\/p>\n","protected":false},"author":1,"featured_media":5054,"comment_status":"open","ping_status":"closed","sticky":false,"template":"","format":"standard","meta":{"footnotes":""},"categories":[9],"tags":[],"class_list":["post-5053","post","type-post","status-publish","format-standard","has-post-thumbnail","hentry","category-xeber"],"_links":{"self":[{"href":"https:\/\/millitv.net\/index.php?rest_route=\/wp\/v2\/posts\/5053","targetHints":{"allow":["GET"]}}],"collection":[{"href":"https:\/\/millitv.net\/index.php?rest_route=\/wp\/v2\/posts"}],"about":[{"href":"https:\/\/millitv.net\/index.php?rest_route=\/wp\/v2\/types\/post"}],"author":[{"embeddable":true,"href":"https:\/\/millitv.net\/index.php?rest_route=\/wp\/v2\/users\/1"}],"replies":[{"embeddable":true,"href":"https:\/\/millitv.net\/index.php?rest_route=%2Fwp%2Fv2%2Fcomments&post=5053"}],"version-history":[{"count":0,"href":"https:\/\/millitv.net\/index.php?rest_route=\/wp\/v2\/posts\/5053\/revisions"}],"wp:featuredmedia":[{"embeddable":true,"href":"https:\/\/millitv.net\/index.php?rest_route=\/wp\/v2\/media\/5054"}],"wp:attachment":[{"href":"https:\/\/millitv.net\/index.php?rest_route=%2Fwp%2Fv2%2Fmedia&parent=5053"}],"wp:term":[{"taxonomy":"category","embeddable":true,"href":"https:\/\/millitv.net\/index.php?rest_route=%2Fwp%2Fv2%2Fcategories&post=5053"},{"taxonomy":"post_tag","embeddable":true,"href":"https:\/\/millitv.net\/index.php?rest_route=%2Fwp%2Fv2%2Ftags&post=5053"}],"curies":[{"name":"wp","href":"https:\/\/api.w.org\/{rel}","templated":true}]}}