{"id":5012,"date":"2023-10-25T13:54:07","date_gmt":"2023-10-25T13:54:07","guid":{"rendered":"https:\/\/millinews.az\/xeber\/m%C9%99tbuat-surasi-v%C9%99-media-muzakir%C9%99-aparib\/"},"modified":"2023-10-25T13:54:07","modified_gmt":"2023-10-25T13:54:07","slug":"m%C9%99tbuat-surasi-v%C9%99-media-muzakir%C9%99-aparib","status":"publish","type":"post","link":"https:\/\/millitv.net\/?p=5012","title":{"rendered":"M\u0259tbuat \u015euras\u0131 v\u0259 MED\u0130A m\u00fczakir\u0259 apar\u0131b"},"content":{"rendered":"<div id=\"maincontent\">&#13;<br \/>\n        &#13;<\/p>\n<p><strong>Az\u0259rbaycan M\u0259tbuat \u015euras\u0131nda \u0130dar\u0259 Hey\u0259tinin \u00fczvl\u0259ri il\u0259 Median\u0131n \u0130nki\u015faf\u0131 Agentliyinin \u0130cra\u00e7\u0131 direktoru \u018fhm\u0259d \u0130smay\u0131lovun v\u0259 qurumun r\u0259hb\u0259r \u015f\u0259xsl\u0259rinin g\u00f6r\u00fc\u015f\u00fc ke\u00e7irilib.<\/strong><\/p>\n<p>\u015euradan <a href=\"https:\/\/Millinews.az\" target=\"_blank\" class=\"kw-link\" rel=\"noopener\">Millinews.az<\/a>-a veril\u0259n x\u0259b\u0259r\u0259 g\u00f6r\u0259, toplant\u0131n\u0131 giri\u015f s\u00f6z\u00fc il\u0259 a\u00e7an M\u015e-nin s\u0259dri R\u0259\u015fad M\u0259cid M\u015e-nin t\u0259msil\u00e7il\u0259ri il\u0259 MED\u0130A r\u0259hb\u0259rliyinin t\u0259maslar\u0131n\u0131n media m\u0259kan\u0131m\u0131zdak\u0131 prosesl\u0259rl\u0259 ba\u011fl\u0131 fikir m\u00fcbadil\u0259si aparmaq bax\u0131m\u0131ndan \u0259h\u0259miyy\u0259tli c\u0259h\u0259tl\u0259rin\u0259 toxunub, g\u00f6r\u00fc\u015fl\u0259rin \u0259n\u0259n\u0259vi xarakter almas\u0131ndan m\u0259mnunlu\u011funu dil\u0259 g\u0259tirib. &#13;\n<\/p>\n<p>G\u00f6r\u00fc\u015fd\u0259 \u0259sas\u0259n \u00f6lk\u0259mizd\u0259 region medias\u0131n\u0131n haz\u0131rk\u0131 v\u0259ziyy\u0259ti v\u0259 perspektiv inki\u015faf istiqam\u0259tl\u0259ri il\u0259 ba\u011fl\u0131 m\u0259s\u0259l\u0259l\u0259r m\u00fczakir\u0259 olunub. \u018f.\u0130smay\u0131lov bildirib ki, r\u0259hb\u0259rlik etdiyi qurum Quba v\u0259 L\u0259nk\u0259randa region m\u0259tbuat\u0131n\u0131n n\u00fcmay\u0259nd\u0259l\u0259ri il\u0259 g\u00f6r\u00fc\u015fl\u0259r ke\u00e7irib. Sistemli xarakter da\u015f\u0131yan bu g\u00f6r\u00fc\u015fl\u0259rd\u0259 m\u0259qs\u0259d regionlardak\u0131 media m\u00fchitinin diaqnostik qiym\u0259tl\u0259ndirm\u0259sini apararaq bu sah\u0259nin inki\u015faf\u0131na istiqam\u0259tl\u0259n\u0259n add\u0131mlar atmaqd\u0131r.<\/p>\n<p>G\u00f6r\u00fc\u015fd\u0259 M\u015e-n\u0131n \u0130dar\u0259 Hey\u0259tinin \u00fczvl\u0259rinin t\u0259klifl\u0259ri dinl\u0259nilib v\u0259 suallar\u0131 cavabland\u0131r\u0131l\u0131bd\u0131r.<\/p>\n<p>Xat\u0131rladaq ki, 12 oktyabr 2022-ci il tarixind\u0259 Az\u0259rbaycan Respublikas\u0131n\u0131n Median\u0131n \u0130nki\u015faf\u0131 Agentliyi v\u0259 Az\u0259rbaycan M\u0259tbuat \u015euras\u0131 aras\u0131nda \u0259m\u0259kda\u015fl\u0131q memorandumu imzalan\u0131b. S\u0259n\u0259din imzalanmas\u0131nda m\u0259qs\u0259d MED\u0130A Agentliyi v\u0259 M\u0259tbuat \u015euras\u0131 aras\u0131nda m\u00fc\u015ft\u0259r\u0259k layih\u0259l\u0259rin realla\u015fd\u0131r\u0131lmas\u0131 istiqam\u0259tind\u0259 effektiv v\u0259 faydal\u0131 \u0259m\u0259kda\u015fl\u0131q m\u00fcnasib\u0259tl\u0259rinin qurulmas\u0131, media m\u00fchitinin \u015f\u0259ffafla\u015fd\u0131r\u0131lmas\u0131, jurnalistl\u0259rin pe\u015f\u0259karl\u0131\u011f\u0131n\u0131n v\u0259 c\u0259miyy\u0259tin media savadl\u0131l\u0131\u011f\u0131n\u0131n art\u0131r\u0131lmas\u0131, etik davran\u0131\u015f qaydalar\u0131n\u0131n t\u0259tbiqi sah\u0259sind\u0259 prosesl\u0259rin stimulla\u015fd\u0131r\u0131lmas\u0131 v\u0259 bu m\u0259qs\u0259dl\u0259 dig\u0259r f\u0259aliyy\u0259tl\u0259rin koordinasiya edilm\u0259sidir.&#13;<br \/>\n        &#13;<br \/>\n&#13;<br \/>\n        &#13;<br \/>\n&#13;\n        <\/p>\n<p><noscript><\/p>\n<p>You must enable Javascript on your browser for the site to work optimally and display sections completely.<\/p>\n<p><\/noscript>\t\t&#13;<br \/>\n\t\t&#13;\n    <\/div>\n<p><script type=\"text\/javascript\">jQuery(document).ready(function () {\n(function(d, s, id) {\n    var js, fjs = d.getElementsByTagName(s)[0];\n    if (d.getElementById(id))\n        return;\n    js = d.createElement(s);\n    js.id = id;\n    js.src = \"\/\/connect.facebook.net\/az_AZ\/all.js#xfbml=1&appId=1002485763137712\";\n    fjs.parentNode.insertBefore(js, fjs);\n}(document, 'script', 'facebook-jssdk'));                \n$('.fancybox').fancybox();\n});<\/script><\/p>\n","protected":false},"excerpt":{"rendered":"<p>&#13; &#13; Az\u0259rbaycan M\u0259tbuat \u015euras\u0131nda \u0130dar\u0259 Hey\u0259tinin \u00fczvl\u0259ri il\u0259 Median\u0131n \u0130nki\u015faf\u0131 Agentliyinin \u0130cra\u00e7\u0131 direktoru \u018fhm\u0259d \u0130smay\u0131lovun v\u0259 qurumun r\u0259hb\u0259r \u015f\u0259xsl\u0259rinin g\u00f6r\u00fc\u015f\u00fc ke\u00e7irilib. \u015euradan Millinews.az-a veril\u0259n x\u0259b\u0259r\u0259 g\u00f6r\u0259, toplant\u0131n\u0131 giri\u015f s\u00f6z\u00fc il\u0259 a\u00e7an M\u015e-nin s\u0259dri R\u0259\u015fad M\u0259cid M\u015e-nin t\u0259msil\u00e7il\u0259ri il\u0259 MED\u0130A r\u0259hb\u0259rliyinin t\u0259maslar\u0131n\u0131n media m\u0259kan\u0131m\u0131zdak\u0131 prosesl\u0259rl\u0259 ba\u011fl\u0131 fikir m\u00fcbadil\u0259si aparmaq bax\u0131m\u0131ndan \u0259h\u0259miyy\u0259tli c\u0259h\u0259tl\u0259rin\u0259 toxunub, g\u00f6r\u00fc\u015fl\u0259rin \u0259n\u0259n\u0259vi &hellip;<\/p>\n","protected":false},"author":1,"featured_media":5013,"comment_status":"open","ping_status":"closed","sticky":false,"template":"","format":"standard","meta":{"footnotes":""},"categories":[9],"tags":[],"class_list":["post-5012","post","type-post","status-publish","format-standard","has-post-thumbnail","hentry","category-xeber"],"_links":{"self":[{"href":"https:\/\/millitv.net\/index.php?rest_route=\/wp\/v2\/posts\/5012","targetHints":{"allow":["GET"]}}],"collection":[{"href":"https:\/\/millitv.net\/index.php?rest_route=\/wp\/v2\/posts"}],"about":[{"href":"https:\/\/millitv.net\/index.php?rest_route=\/wp\/v2\/types\/post"}],"author":[{"embeddable":true,"href":"https:\/\/millitv.net\/index.php?rest_route=\/wp\/v2\/users\/1"}],"replies":[{"embeddable":true,"href":"https:\/\/millitv.net\/index.php?rest_route=%2Fwp%2Fv2%2Fcomments&post=5012"}],"version-history":[{"count":0,"href":"https:\/\/millitv.net\/index.php?rest_route=\/wp\/v2\/posts\/5012\/revisions"}],"wp:featuredmedia":[{"embeddable":true,"href":"https:\/\/millitv.net\/index.php?rest_route=\/wp\/v2\/media\/5013"}],"wp:attachment":[{"href":"https:\/\/millitv.net\/index.php?rest_route=%2Fwp%2Fv2%2Fmedia&parent=5012"}],"wp:term":[{"taxonomy":"category","embeddable":true,"href":"https:\/\/millitv.net\/index.php?rest_route=%2Fwp%2Fv2%2Fcategories&post=5012"},{"taxonomy":"post_tag","embeddable":true,"href":"https:\/\/millitv.net\/index.php?rest_route=%2Fwp%2Fv2%2Ftags&post=5012"}],"curies":[{"name":"wp","href":"https:\/\/api.w.org\/{rel}","templated":true}]}}