{"id":4994,"date":"2023-10-25T13:00:30","date_gmt":"2023-10-25T13:00:30","guid":{"rendered":"https:\/\/millinews.az\/xeber\/eli-es%C9%99dov-hindistani-erm%C9%99nistani-silahlandirmamaga-cagirdi\/"},"modified":"2023-10-25T13:00:30","modified_gmt":"2023-10-25T13:00:30","slug":"eli-es%C9%99dov-hindistani-erm%C9%99nistani-silahlandirmamaga-cagirdi","status":"publish","type":"post","link":"https:\/\/millitv.net\/?p=4994","title":{"rendered":"\u018fli \u018fs\u0259dov Hindistan\u0131 Erm\u0259nistan\u0131 silahland\u0131rmama\u011fa \u00e7a\u011f\u0131rd\u0131"},"content":{"rendered":"<div id=\"maincontent\">&#13;<br \/>\n        &#13;<\/p>\n<p><strong>Az\u0259rbaycan\u0131n Ba\u015f naziri Hindistan\u0131 Erm\u0259nistan\u0131 silahland\u0131rmama\u011fa \u00e7a\u011f\u0131r\u0131b.<\/strong><\/p>\n<p>Bu bar\u0259d\u0259 <a href=\"https:\/\/Millinews.az\" target=\"_blank\" class=\"kw-link\" rel=\"noopener\">Millinews.az<\/a>-a  Nazirl\u0259r Kabinetind\u0259n m\u0259lumat verilib. &#13;\n<\/p>\n<p>Qeyd olunub ki, Az\u0259rbaycan\u0131n Ba\u015f naziri \u018fli \u018fs\u0259dov bu g\u00fcn Hindistan\u0131n ticar\u0259t v\u0259 s\u0259naye \u00fczr\u0259 d\u00f6vl\u0259t naziri xan\u0131m Anupriya Patel il\u0259 g\u00f6r\u00fc\u015f\u00fcb.<\/p>\n<p>G\u00f6r\u00fc\u015fd\u0259 Bak\u0131da ke\u00e7iril\u0259n Az\u0259rbaycan v\u0259 Hindistan aras\u0131nda ticar\u0259t, iqtisadi, elmi v\u0259 texnoloji \u0259m\u0259kda\u015fl\u0131q \u00fczr\u0259 H\u00f6kum\u0259tl\u0259raras\u0131 Komissiyan\u0131n iclas\u0131n\u0131n \u00f6n\u0259mi vur\u011fulan\u0131b.<\/p>\n<p>\u0130clasda q\u0259bul edil\u0259n q\u0259rarlar\u0131n v\u0259 imzalanan s\u0259n\u0259dl\u0259rin iki \u00f6lk\u0259 aras\u0131nda m\u00fcnasib\u0259tl\u0259rin inki\u015faf\u0131na t\u0259kan ver\u0259c\u0259yin\u0259 \u0259minlik ifad\u0259 olunub.<\/p>\n<p>Az\u0259rbaycan\u0131n Qo\u015fulmama H\u0259r\u0259kat\u0131n\u0131n s\u0259dri kimi f\u0259aliyy\u0259ti bar\u0259d\u0259 dan\u0131\u015fan \u018f.\u018fs\u0259dov \u00f6t\u0259n d\u00f6vrd\u0259 \u00f6lk\u0259nin g\u00f6rd\u00fcy\u00fc i\u015fl\u0259r\u0259, ir\u0259li s\u00fcrd\u00fcy\u00fc t\u0259\u015f\u0259bb\u00fcsl\u0259r\u0259 v\u0259 t\u0259\u015fkilat\u0131n beyn\u0259lxalq al\u0259md\u0259 n\u00fcfuzunun artmas\u0131 istiqam\u0259tind\u0259 atd\u0131\u011f\u0131 add\u0131mlara g\u00f6r\u0259 \u00f6lk\u0259miz\u0259 etimad\u0131n g\u00f6st\u0259ricisi kimi onun H\u0259r\u0259kata s\u0259drliyinin daha bir il uzad\u0131ld\u0131\u011f\u0131n\u0131 bildirib.<\/p>\n<p>\u0130kinci Qaraba\u011f m\u00fcharib\u0259sind\u0259n sonra regionda c\u0259r\u0259yan ed\u0259n prosesl\u0259r bar\u0259d\u0259 fikirl\u0259rini b\u00f6l\u00fc\u015f\u0259n Ba\u015f nazir \u00f6t\u0259n d\u00f6vrd\u0259 Az\u0259rbaycan\u0131n ciddi s\u0259yl\u0259rin\u0259 baxmayaraq, Erm\u0259nistan\u0131n \u00f6z silahl\u0131 q\u00fcvv\u0259l\u0259rini Qaraba\u011f \u0259razisind\u0259n \u00e7\u0131xarmaqdan boyun qa\u00e7\u0131rd\u0131\u011f\u0131n\u0131, \u00fcz\u0259rin\u0259 g\u00f6t\u00fcrd\u00fcy\u00fc \u00f6hd\u0259likl\u0259rd\u0259n yay\u0131naraq dan\u0131\u015f\u0131qlar prosesini davaml\u0131 olaraq pozdu\u011funu, m\u00fcxt\u0259lif h\u0259rbi t\u0259xribatlara \u0259l atd\u0131\u011f\u0131n\u0131 deyib.<\/p>\n<p>Vur\u011fulan\u0131b ki, sentyabr ay\u0131nda ba\u015f vermi\u015f n\u00f6vb\u0259ti t\u0259xribatdan sonra Az\u0259rbaycan q\u0131sam\u00fcdd\u0259tli lokal xarakterli antiterror t\u0259dbirl\u0259ri n\u0259tic\u0259sind\u0259 \u00f6z suverenliyini tam \u015f\u0259kild\u0259 t\u0259min edib. Az\u0259rbaycan Ordusunun y\u00fcks\u0259k pe\u015f\u0259karl\u0131q g\u00f6st\u0259r\u0259r\u0259k yaln\u0131z h\u0259rbi h\u0259d\u0259fl\u0259r\u0259 z\u0259rb\u0259l\u0259r endirdiyi, m\u00fclki infrastrukturu v\u0259 m\u00fclki \u015f\u0259xsl\u0259ri h\u0259d\u0259f\u0259 almad\u0131\u011f\u0131 qeyd edilib.<\/p>\n<p>Bildirildi ki, haz\u0131rda Erm\u0259nistan-Az\u0259rbaycan m\u00fcnasib\u0259tl\u0259rinin normalla\u015fd\u0131r\u0131lmas\u0131, s\u00fclh m\u00fcqavil\u0259sinin imzalanmas\u0131 v\u0259 C\u0259nubi Qafqazda s\u00fclh\u00fcn b\u0259rq\u0259rar edilm\u0259si \u00fc\u00e7\u00fcn tarixi \u015f\u0259rait yaran\u0131b. Diqq\u0259t\u0259 \u00e7atd\u0131r\u0131l\u0131b ki, bel\u0259 bir h\u0259ssas m\u0259qamda Erm\u0259nistan t\u0259r\u0259finin f\u0259al \u015f\u0259kild\u0259 silahlanmas\u0131 s\u00fclh prosesin\u0259 ciddi z\u0259rb\u0259 vurur, C\u0259nubi Qafqaz b\u00f6lg\u0259sind\u0259 s\u00fclh v\u0259 sabitlik \u00fc\u00e7\u00fcn yeni t\u0259hdidl\u0259r yarad\u0131r.<\/p>\n<p>G\u00f6r\u00fc\u015fd\u0259 h\u0259m\u00e7inin Az\u0259rbaycan-Hindistan \u0259laq\u0259l\u0259rinin inki\u015faf perspektivl\u0259ri m\u00fczakir\u0259 olunub.&#13;<br \/>\n        &#13;<br \/>\n&#13;<br \/>\n        &#13;<br \/>\n&#13;\n        <\/p>\n<p><noscript><\/p>\n<p>You must enable Javascript on your browser for the site to work optimally and display sections completely.<\/p>\n<p><\/noscript>\t\t&#13;<br \/>\n\t\t&#13;\n    <\/div>\n<p><script type=\"text\/javascript\">jQuery(document).ready(function () {\n(function(d, s, id) {\n    var js, fjs = d.getElementsByTagName(s)[0];\n    if (d.getElementById(id))\n        return;\n    js = d.createElement(s);\n    js.id = id;\n    js.src = \"\/\/connect.facebook.net\/az_AZ\/all.js#xfbml=1&appId=1002485763137712\";\n    fjs.parentNode.insertBefore(js, fjs);\n}(document, 'script', 'facebook-jssdk'));                \n});<\/script><\/p>\n","protected":false},"excerpt":{"rendered":"<p>&#13; &#13; Az\u0259rbaycan\u0131n Ba\u015f naziri Hindistan\u0131 Erm\u0259nistan\u0131 silahland\u0131rmama\u011fa \u00e7a\u011f\u0131r\u0131b. Bu bar\u0259d\u0259 Millinews.az-a Nazirl\u0259r Kabinetind\u0259n m\u0259lumat verilib. &#13; Qeyd olunub ki, Az\u0259rbaycan\u0131n Ba\u015f naziri \u018fli \u018fs\u0259dov bu g\u00fcn Hindistan\u0131n ticar\u0259t v\u0259 s\u0259naye \u00fczr\u0259 d\u00f6vl\u0259t naziri xan\u0131m Anupriya Patel il\u0259 g\u00f6r\u00fc\u015f\u00fcb. G\u00f6r\u00fc\u015fd\u0259 Bak\u0131da ke\u00e7iril\u0259n Az\u0259rbaycan v\u0259 Hindistan aras\u0131nda ticar\u0259t, iqtisadi, elmi v\u0259 texnoloji \u0259m\u0259kda\u015fl\u0131q \u00fczr\u0259 H\u00f6kum\u0259tl\u0259raras\u0131 Komissiyan\u0131n &hellip;<\/p>\n","protected":false},"author":1,"featured_media":4995,"comment_status":"open","ping_status":"closed","sticky":false,"template":"","format":"standard","meta":{"footnotes":""},"categories":[9],"tags":[],"class_list":["post-4994","post","type-post","status-publish","format-standard","has-post-thumbnail","hentry","category-xeber"],"_links":{"self":[{"href":"https:\/\/millitv.net\/index.php?rest_route=\/wp\/v2\/posts\/4994","targetHints":{"allow":["GET"]}}],"collection":[{"href":"https:\/\/millitv.net\/index.php?rest_route=\/wp\/v2\/posts"}],"about":[{"href":"https:\/\/millitv.net\/index.php?rest_route=\/wp\/v2\/types\/post"}],"author":[{"embeddable":true,"href":"https:\/\/millitv.net\/index.php?rest_route=\/wp\/v2\/users\/1"}],"replies":[{"embeddable":true,"href":"https:\/\/millitv.net\/index.php?rest_route=%2Fwp%2Fv2%2Fcomments&post=4994"}],"version-history":[{"count":0,"href":"https:\/\/millitv.net\/index.php?rest_route=\/wp\/v2\/posts\/4994\/revisions"}],"wp:featuredmedia":[{"embeddable":true,"href":"https:\/\/millitv.net\/index.php?rest_route=\/wp\/v2\/media\/4995"}],"wp:attachment":[{"href":"https:\/\/millitv.net\/index.php?rest_route=%2Fwp%2Fv2%2Fmedia&parent=4994"}],"wp:term":[{"taxonomy":"category","embeddable":true,"href":"https:\/\/millitv.net\/index.php?rest_route=%2Fwp%2Fv2%2Fcategories&post=4994"},{"taxonomy":"post_tag","embeddable":true,"href":"https:\/\/millitv.net\/index.php?rest_route=%2Fwp%2Fv2%2Ftags&post=4994"}],"curies":[{"name":"wp","href":"https:\/\/api.w.org\/{rel}","templated":true}]}}