{"id":4977,"date":"2023-10-25T12:12:58","date_gmt":"2023-10-25T12:12:58","guid":{"rendered":"https:\/\/millinews.az\/xeber\/turkiy%C9%99li-taninmis-mug%C9%99nni-hebs-edildi\/"},"modified":"2023-10-25T12:12:58","modified_gmt":"2023-10-25T12:12:58","slug":"turkiy%C9%99li-taninmis-mug%C9%99nni-hebs-edildi","status":"publish","type":"post","link":"https:\/\/millitv.net\/?p=4977","title":{"rendered":"T\u00fcrkiy\u0259li tan\u0131nm\u0131\u015f m\u00fc\u011f\u0259nni H\u018fBS ED\u0130LD\u0130"},"content":{"rendered":"<div id=\"maincontent\">&#13;<br \/>\n        &#13;<\/p>\n<p><strong>&#8220;FET\u00d6&#8221;n\u00fcn media strukturu il\u0259 ba\u011fl\u0131 cinay\u0259t i\u015find\u0259 m\u00fchakim\u0259 olunan t\u00fcrk m\u00fc\u011f\u0259nni Atilla Ta\u015f \u201cd\u00f6vl\u0259t m\u0259murunu t\u0259hqir etm\u0259k\u201d v\u0259 \u201cd\u00f6vl\u0259tin h\u0259rbi v\u0259 ya polis q\u00fcvv\u0259l\u0259rini a\u00e7\u0131q \u015f\u0259kild\u0259 t\u0259hqir etm\u0259k\u201d ittihamlar\u0131 il\u0259 2 il 2 ay 25 g\u00fcn h\u0259bs c\u0259zas\u0131 al\u0131b.<\/strong><\/p>\n<p><a href=\"https:\/\/Millinews.az\" target=\"_blank\" class=\"kw-link\" rel=\"noopener\">Millinews.az<\/a> NTV-y\u0259 istinad\u0259n x\u0259b\u0259r verir ki, \u0130stanbul 25-ci A\u011f\u0131r C\u0259za M\u0259hk\u0259m\u0259si 8 mart 2018-ci ild\u0259 &#8220;FET\u00d6&#8221;n\u00fcn media strukturu il\u0259 ba\u011fl\u0131 \u201ct\u0259\u015fkilat \u00fczv\u00fc olmaq\u201d v\u0259 \u201cd\u00f6vl\u0259t \u00e7evrili\u015fin\u0259 c\u0259hd\u201d ittiham\u0131 il\u0259 20-si saxlan\u0131lan 29 m\u00fctt\u0259himin m\u00fchakim\u0259 olundu\u011fu i\u015fd\u0259 q\u0259rar q\u0259bul edib. Prosesd\u0259 m\u00fctt\u0259him Atilla Ta\u015f i\u015ftirak etm\u0259yib. M\u0259hk\u0259m\u0259d\u0259 onu v\u0259kili Sevgi Kalan G\u00fcvercin t\u0259msil edib. &#13;\n<\/p>\n<p>Atilla &#8220;d\u00f6vl\u0259t m\u0259murunu t\u0259hqir etm\u0259&#8221; madd\u0259si il\u0259 1 il 9 ay 25 g\u00fcn, &#8220;d\u00f6vl\u0259tin h\u0259rbi v\u0259 ya polis q\u00fcvv\u0259l\u0259rini a\u00e7\u0131q \u015f\u0259kild\u0259 t\u0259hqir etm\u0259&#8221; madd\u0259si il\u0259 is\u0259 5 ay h\u0259bs c\u0259zas\u0131na m\u0259hkum olunub.<\/p>\n<p>Qeyd ed\u0259k ki, m\u00fc\u011f\u0259nni daha \u0259vv\u0259ld\u0259 h\u0259bs edilib. O, \u201cFET\u00d6\u201d t\u0259\u015fkilat\u0131na bil\u0259r\u0259k v\u0259 ist\u0259y\u0259r\u0259k k\u00f6m\u0259k etm\u0259\u201d s\u0259b\u0259bil\u0259 3 il 15 g\u00fcn h\u0259bs c\u0259zas\u0131 alsa da daha sonra azadl\u0131\u011fa burax\u0131l\u0131b.&#13;<br \/>\n        &#13;<br \/>\n&#13;<br \/>\n        &#13;<br \/>\n&#13;\n        <\/p>\n<p><noscript><\/p>\n<p>You must enable Javascript on your browser for the site to work optimally and display sections completely.<\/p>\n<p><\/noscript>\t\t&#13;<br \/>\n\t\t&#13;\n    <\/div>\n<p><script type=\"text\/javascript\">jQuery(document).ready(function () {\n(function(d, s, id) {\n    var js, fjs = d.getElementsByTagName(s)[0];\n    if (d.getElementById(id))\n        return;\n    js = d.createElement(s);\n    js.id = id;\n    js.src = \"\/\/connect.facebook.net\/az_AZ\/all.js#xfbml=1&appId=1002485763137712\";\n    fjs.parentNode.insertBefore(js, fjs);\n}(document, 'script', 'facebook-jssdk'));                \n});<\/script><\/p>\n","protected":false},"excerpt":{"rendered":"<p>&#13; &#13; &#8220;FET\u00d6&#8221;n\u00fcn media strukturu il\u0259 ba\u011fl\u0131 cinay\u0259t i\u015find\u0259 m\u00fchakim\u0259 olunan t\u00fcrk m\u00fc\u011f\u0259nni Atilla Ta\u015f \u201cd\u00f6vl\u0259t m\u0259murunu t\u0259hqir etm\u0259k\u201d v\u0259 \u201cd\u00f6vl\u0259tin h\u0259rbi v\u0259 ya polis q\u00fcvv\u0259l\u0259rini a\u00e7\u0131q \u015f\u0259kild\u0259 t\u0259hqir etm\u0259k\u201d ittihamlar\u0131 il\u0259 2 il 2 ay 25 g\u00fcn h\u0259bs c\u0259zas\u0131 al\u0131b. Millinews.az NTV-y\u0259 istinad\u0259n x\u0259b\u0259r verir ki, \u0130stanbul 25-ci A\u011f\u0131r C\u0259za M\u0259hk\u0259m\u0259si 8 mart 2018-ci &hellip;<\/p>\n","protected":false},"author":1,"featured_media":4978,"comment_status":"open","ping_status":"closed","sticky":false,"template":"","format":"standard","meta":{"footnotes":""},"categories":[9],"tags":[],"class_list":["post-4977","post","type-post","status-publish","format-standard","has-post-thumbnail","hentry","category-xeber"],"_links":{"self":[{"href":"https:\/\/millitv.net\/index.php?rest_route=\/wp\/v2\/posts\/4977","targetHints":{"allow":["GET"]}}],"collection":[{"href":"https:\/\/millitv.net\/index.php?rest_route=\/wp\/v2\/posts"}],"about":[{"href":"https:\/\/millitv.net\/index.php?rest_route=\/wp\/v2\/types\/post"}],"author":[{"embeddable":true,"href":"https:\/\/millitv.net\/index.php?rest_route=\/wp\/v2\/users\/1"}],"replies":[{"embeddable":true,"href":"https:\/\/millitv.net\/index.php?rest_route=%2Fwp%2Fv2%2Fcomments&post=4977"}],"version-history":[{"count":0,"href":"https:\/\/millitv.net\/index.php?rest_route=\/wp\/v2\/posts\/4977\/revisions"}],"wp:featuredmedia":[{"embeddable":true,"href":"https:\/\/millitv.net\/index.php?rest_route=\/wp\/v2\/media\/4978"}],"wp:attachment":[{"href":"https:\/\/millitv.net\/index.php?rest_route=%2Fwp%2Fv2%2Fmedia&parent=4977"}],"wp:term":[{"taxonomy":"category","embeddable":true,"href":"https:\/\/millitv.net\/index.php?rest_route=%2Fwp%2Fv2%2Fcategories&post=4977"},{"taxonomy":"post_tag","embeddable":true,"href":"https:\/\/millitv.net\/index.php?rest_route=%2Fwp%2Fv2%2Ftags&post=4977"}],"curies":[{"name":"wp","href":"https:\/\/api.w.org\/{rel}","templated":true}]}}