{"id":4947,"date":"2023-10-25T11:03:50","date_gmt":"2023-10-25T11:03:50","guid":{"rendered":"https:\/\/millinews.az\/xeber\/hemas-terror-t%C9%99skilati-deyil-israil%C9%99-agil-verin\/"},"modified":"2023-10-25T11:03:50","modified_gmt":"2023-10-25T11:03:50","slug":"hemas-terror-t%C9%99skilati-deyil-israil%C9%99-agil-verin","status":"publish","type":"post","link":"https:\/\/millitv.net\/?p=4947","title":{"rendered":"H\u018fMAS terror t\u0259\u015fkilat\u0131 deyil: \u0130srail\u0259 a\u011f\u0131l verin"},"content":{"rendered":"<p><img decoding=\"async\" src=\"https:\/\/Millinews.az\/storage\/2023\/10\/09\/hemas.jpg\" alt=\"\" title=\"\"><\/p>\n<div id=\"mvp-content-main\">\n<p><strong>H\u018fMAS terror t\u0259\u015fkilat\u0131 deyil.<\/strong><\/p>\n<p><strong><a target=\"_blank\" href=\"https:\/\/Millinews.az\" rel=\"noopener\">Millinews.az<\/a><\/strong> T\u00fcrkiy\u0259 medias\u0131na istinad\u0259n x\u0259b\u0259r verir ki, T\u00fcrkiy\u0259 prezidenti R\u0259c\u0259b Tayyib \u018frdo\u011fan H\u018fMAS-\u0131 terror\u00e7u hesab etm\u0259diyini bildirib. \u201cH\u0259mas terror t\u0259\u015fkilat\u0131 deyil, \u00f6z torpaqlar\u0131n\u0131 v\u0259 v\u0259t\u0259nda\u015flar\u0131n\u0131 qorumaq \u00fc\u00e7\u00fcn m\u00fcbariz\u0259 aparan bir qrup m\u00fccahiddir\u201d dey\u0259n T\u00fcrkiy\u0259nin d\u00f6vl\u0259t ba\u015f\u00e7\u0131s\u0131 \u0130srail\u0259 \u0259vv\u0259lc\u0259d\u0259n planla\u015fd\u0131r\u0131lm\u0131\u015f s\u0259f\u0259rini l\u0259\u011fv etdiyini d\u0259 diqq\u0259t\u0259 \u00e7atd\u0131r\u0131b.<\/p>\n<p>\u201cBizim \u0130srail d\u00f6vl\u0259ti il\u0259 he\u00e7 bir problemimiz yoxdur, lakin biz \u0130srailin t\u00f6r\u0259tdiyi v\u0259h\u015filikl\u0259ri v\u0259 onun d\u00f6vl\u0259t deyil, bir t\u0259\u015fkilat kimi f\u0259aliyy\u0259t t\u0259rzini he\u00e7 vaxt b\u0259y\u0259nm\u0259mi\u015fik. \u0130srailin Q\u0259zzaya h\u00fccumlar\u0131 n\u0259tic\u0259sind\u0259 \u00f6l\u0259nl\u0259rin dem\u0259k olar ki, yar\u0131s\u0131 u\u015faqlard\u0131r. Bu onu g\u00f6st\u0259rir ki, m\u0259qs\u0259d insanl\u0131\u011fa qar\u015f\u0131 cinay\u0259t t\u00f6r\u0259tm\u0259kdir\u201d, &#8211; \u018frdo\u011fan deyib.<\/p>\n<p>O, \u201ca\u011f\u0131l v\u0259 vicdan sahibi\u201d olan \u00f6lk\u0259l\u0259ri \u201c\u0130sraili a\u011f\u0131lland\u0131rmaq \u00fc\u00e7\u00fcn&#8221; Netanyahu h\u00f6kum\u0259tin\u0259 t\u0259zyiq g\u00f6st\u0259rm\u0259y\u0259 \u00e7a\u011f\u0131r\u0131b:<\/p>\n<p>&#8220;Biz F\u0259l\u0259stin t\u0259r\u0259finin t\u0259minat\u00e7\u0131lar\u0131ndan biri olma\u011fa haz\u0131r\u0131q v\u0259 regionun b\u00fct\u00fcn n\u00fcfuzlu oyun\u00e7ular\u0131n\u0131n i\u015ftirak ed\u0259c\u0259yi beyn\u0259lxalq F\u0259l\u0259stin-\u0130srail s\u00fclh konfrans\u0131 t\u0259\u015fkil etm\u0259yi t\u0259klif edirik\u201d.<\/p>\n<p><strong>Mehti Kamilo\u011flu<\/strong><\/p>\n<\/p><\/div>\n<p><script>\n        (function (d, s, id) {\n            var js, fjs = d.getElementsByTagName(s)[0];\n            if (d.getElementById(id)) return;\n            js = d.createElement(s);\n            js.id = id;\n            js.src = \"\/\/connect.facebook.net\/az_AZ\/sdk.js#xfbml=1&version=v2.7&appId=\";\n            fjs.parentNode.insertBefore(js, fjs);\n        }(document, 'script', 'facebook-jssdk'));\n    <\/script><\/p>\n","protected":false},"excerpt":{"rendered":"<p>H\u018fMAS terror t\u0259\u015fkilat\u0131 deyil. Millinews.az T\u00fcrkiy\u0259 medias\u0131na istinad\u0259n x\u0259b\u0259r verir ki, T\u00fcrkiy\u0259 prezidenti R\u0259c\u0259b Tayyib \u018frdo\u011fan H\u018fMAS-\u0131 terror\u00e7u hesab etm\u0259diyini bildirib. \u201cH\u0259mas terror t\u0259\u015fkilat\u0131 deyil, \u00f6z torpaqlar\u0131n\u0131 v\u0259 v\u0259t\u0259nda\u015flar\u0131n\u0131 qorumaq \u00fc\u00e7\u00fcn m\u00fcbariz\u0259 aparan bir qrup m\u00fccahiddir\u201d dey\u0259n T\u00fcrkiy\u0259nin d\u00f6vl\u0259t ba\u015f\u00e7\u0131s\u0131 \u0130srail\u0259 \u0259vv\u0259lc\u0259d\u0259n planla\u015fd\u0131r\u0131lm\u0131\u015f s\u0259f\u0259rini l\u0259\u011fv etdiyini d\u0259 diqq\u0259t\u0259 \u00e7atd\u0131r\u0131b. \u201cBizim \u0130srail d\u00f6vl\u0259ti il\u0259 he\u00e7 bir &hellip;<\/p>\n","protected":false},"author":1,"featured_media":4948,"comment_status":"open","ping_status":"closed","sticky":false,"template":"","format":"standard","meta":{"footnotes":""},"categories":[9],"tags":[],"class_list":["post-4947","post","type-post","status-publish","format-standard","has-post-thumbnail","hentry","category-xeber"],"_links":{"self":[{"href":"https:\/\/millitv.net\/index.php?rest_route=\/wp\/v2\/posts\/4947","targetHints":{"allow":["GET"]}}],"collection":[{"href":"https:\/\/millitv.net\/index.php?rest_route=\/wp\/v2\/posts"}],"about":[{"href":"https:\/\/millitv.net\/index.php?rest_route=\/wp\/v2\/types\/post"}],"author":[{"embeddable":true,"href":"https:\/\/millitv.net\/index.php?rest_route=\/wp\/v2\/users\/1"}],"replies":[{"embeddable":true,"href":"https:\/\/millitv.net\/index.php?rest_route=%2Fwp%2Fv2%2Fcomments&post=4947"}],"version-history":[{"count":0,"href":"https:\/\/millitv.net\/index.php?rest_route=\/wp\/v2\/posts\/4947\/revisions"}],"wp:featuredmedia":[{"embeddable":true,"href":"https:\/\/millitv.net\/index.php?rest_route=\/wp\/v2\/media\/4948"}],"wp:attachment":[{"href":"https:\/\/millitv.net\/index.php?rest_route=%2Fwp%2Fv2%2Fmedia&parent=4947"}],"wp:term":[{"taxonomy":"category","embeddable":true,"href":"https:\/\/millitv.net\/index.php?rest_route=%2Fwp%2Fv2%2Fcategories&post=4947"},{"taxonomy":"post_tag","embeddable":true,"href":"https:\/\/millitv.net\/index.php?rest_route=%2Fwp%2Fv2%2Ftags&post=4947"}],"curies":[{"name":"wp","href":"https:\/\/api.w.org\/{rel}","templated":true}]}}