{"id":4928,"date":"2023-10-25T10:20:36","date_gmt":"2023-10-25T10:20:36","guid":{"rendered":"https:\/\/millinews.az\/xeber\/veys%C9%99loglu-sirk%C9%99tl%C9%99r-qrupundan-yasil-iqtisadiyyata-s%C9%99rmay%C9%99\/"},"modified":"2023-10-25T10:20:36","modified_gmt":"2023-10-25T10:20:36","slug":"veys%C9%99loglu-sirk%C9%99tl%C9%99r-qrupundan-yasil-iqtisadiyyata-s%C9%99rmay%C9%99","status":"publish","type":"post","link":"https:\/\/millitv.net\/?p=4928","title":{"rendered":"\u200bVeys\u0259lo\u011flu \u015eirk\u0259tl\u0259r Qrupundan \u201cya\u015f\u0131l\u201d iqtisadiyyata s\u0259rmay\u0259"},"content":{"rendered":"<div id=\"maincontent\">&#13;<br \/>\n        &#13;<\/p>\n<p><strong>Veys\u0259lo\u011flu \u015eirk\u0259tl\u0259r Qrupu \u00f6lk\u0259nin dayan\u0131ql\u0131 inki\u015faf m\u0259qs\u0259dl\u0259rin\u0259 t\u00f6hf\u0259sini art\u0131rmaq \u00fc\u00e7\u00fcn \u0259traf m\u00fchitin m\u00fchafiz\u0259sin\u0259 n\u0259z\u0259r\u0259\u00e7arpan investisiya edib.<br \/><\/strong>  <\/p>\n<p>Qrupa daxil olan \u201cAVT Logistics\u201d \u015firk\u0259tinin istifad\u0259y\u0259 buraxma\u011fa haz\u0131rla\u015fd\u0131\u011f\u0131 50-d\u0259n art\u0131q yeni \u00e7oxtemperaturlu y\u00fck avtomobili m\u0259rk\u0259zi yollarda gedil\u0259n m\u0259saf\u0259ni azaldacaq. &#13;\n  <\/p>\n<p>Bu n\u0259qliyyat vasit\u0259l\u0259rin\u0259 ke\u00e7id ayl\u0131q q\u0259t edil\u0259n m\u0259saf\u0259y\u0259 128 min 741 kilometr q\u0259na\u0259t ed\u0259c\u0259k. \u015eirk\u0259tl\u0259r qrupu buna m\u00fcxt\u0259lif temperaturlarda da\u015f\u0131nma t\u0259l\u0259b ed\u0259n \u0259rzaq m\u0259hsullar\u0131n\u0131 eyni avtomobild\u0259 da\u015f\u0131maq imkan\u0131 qazanmaqla nail olacaq.  <\/p>\n<p>Bel\u0259 ki, \u015firk\u0259tl\u0259r qrupuna daxil olan \u201cOBA\u201d, \u201cAraz\u201d ma\u011fazalar\u0131, h\u0259m\u00e7inin \u201cVeys\u0259lo\u011flu Distribusiya\u201d m\u00fc\u015ft\u0259ril\u0259rinin sifari\u015fl\u0259rinin da\u015f\u0131nmas\u0131 \u00fc\u00e7\u00fcn bir n\u00f6qt\u0259y\u0259 g\u00fcn \u0259rzind\u0259 h\u0259r\u0259k\u0259t ed\u0259n ma\u015f\u0131nlar\u0131n say\u0131 m\u00fcvafiq olaraq, 3, 2 v\u0259 1 \u0259d\u0259d azalacaq.  <\/p>\n<p>Veys\u0259lo\u011flu \u015eirk\u0259tl\u0259r Qrupu bu yenilik n\u0259tic\u0259sind\u0259 atmosfer\u0259 burax\u0131lan karbon emissiyas\u0131n\u0131 ayda 290 min kq, ild\u0259 is\u0259 3,5 milyon kq azaltma\u011fa m\u00fcy\u0259ss\u0259r olacaq.  <\/p>\n<p>Logistika M\u0259rk\u0259zi d\u00f6vriyy\u0259sind\u0259 olan 90 n\u0259qliyyat vasit\u0259sinin f\u0259aliyy\u0259tini dayand\u0131r\u0131b v\u0259 yeni \u00e7ox temperaturlu avtomobill\u0259rl\u0259 \u0259v\u0259z edilir.  <\/p>\n<p>Qeyd ed\u0259k ki, \u201cAVT Logistics\u201d avtomobill\u0259ri h\u0259r g\u00fcn 64 min kilometr yol q\u0259t ed\u0259r\u0259k Az\u0259rbaycan\u0131n 4 min 500 n\u00f6qt\u0259sind\u0259 m\u00fc\u015ft\u0259ril\u0259r\u0259 mal \u00e7atd\u0131r\u0131r. &#13;<br \/>\n        &#13;<br \/>\n&#13;<br \/>\n        &#13;<br \/>\n&#13;\n        <\/p>\n<p><noscript><\/p>\n<p>You must enable Javascript on your browser for the site to work optimally and display sections completely.<\/p>\n<p><\/noscript>\t\t&#13;<br \/>\n\t\t&#13;\n    <\/div>\n<p><script type=\"text\/javascript\">jQuery(document).ready(function () {\n(function(d, s, id) {\n    var js, fjs = d.getElementsByTagName(s)[0];\n    if (d.getElementById(id))\n        return;\n    js = d.createElement(s);\n    js.id = id;\n    js.src = \"\/\/connect.facebook.net\/az_AZ\/all.js#xfbml=1&appId=1002485763137712\";\n    fjs.parentNode.insertBefore(js, fjs);\n}(document, 'script', 'facebook-jssdk'));                \n});<\/script><\/p>\n","protected":false},"excerpt":{"rendered":"<p>&#13; &#13; Veys\u0259lo\u011flu \u015eirk\u0259tl\u0259r Qrupu \u00f6lk\u0259nin dayan\u0131ql\u0131 inki\u015faf m\u0259qs\u0259dl\u0259rin\u0259 t\u00f6hf\u0259sini art\u0131rmaq \u00fc\u00e7\u00fcn \u0259traf m\u00fchitin m\u00fchafiz\u0259sin\u0259 n\u0259z\u0259r\u0259\u00e7arpan investisiya edib. Qrupa daxil olan \u201cAVT Logistics\u201d \u015firk\u0259tinin istifad\u0259y\u0259 buraxma\u011fa haz\u0131rla\u015fd\u0131\u011f\u0131 50-d\u0259n art\u0131q yeni \u00e7oxtemperaturlu y\u00fck avtomobili m\u0259rk\u0259zi yollarda gedil\u0259n m\u0259saf\u0259ni azaldacaq. &#13; Bu n\u0259qliyyat vasit\u0259l\u0259rin\u0259 ke\u00e7id ayl\u0131q q\u0259t edil\u0259n m\u0259saf\u0259y\u0259 128 min 741 kilometr q\u0259na\u0259t ed\u0259c\u0259k. \u015eirk\u0259tl\u0259r qrupu &hellip;<\/p>\n","protected":false},"author":1,"featured_media":4929,"comment_status":"open","ping_status":"closed","sticky":false,"template":"","format":"standard","meta":{"footnotes":""},"categories":[9],"tags":[],"class_list":["post-4928","post","type-post","status-publish","format-standard","has-post-thumbnail","hentry","category-xeber"],"_links":{"self":[{"href":"https:\/\/millitv.net\/index.php?rest_route=\/wp\/v2\/posts\/4928","targetHints":{"allow":["GET"]}}],"collection":[{"href":"https:\/\/millitv.net\/index.php?rest_route=\/wp\/v2\/posts"}],"about":[{"href":"https:\/\/millitv.net\/index.php?rest_route=\/wp\/v2\/types\/post"}],"author":[{"embeddable":true,"href":"https:\/\/millitv.net\/index.php?rest_route=\/wp\/v2\/users\/1"}],"replies":[{"embeddable":true,"href":"https:\/\/millitv.net\/index.php?rest_route=%2Fwp%2Fv2%2Fcomments&post=4928"}],"version-history":[{"count":0,"href":"https:\/\/millitv.net\/index.php?rest_route=\/wp\/v2\/posts\/4928\/revisions"}],"wp:featuredmedia":[{"embeddable":true,"href":"https:\/\/millitv.net\/index.php?rest_route=\/wp\/v2\/media\/4929"}],"wp:attachment":[{"href":"https:\/\/millitv.net\/index.php?rest_route=%2Fwp%2Fv2%2Fmedia&parent=4928"}],"wp:term":[{"taxonomy":"category","embeddable":true,"href":"https:\/\/millitv.net\/index.php?rest_route=%2Fwp%2Fv2%2Fcategories&post=4928"},{"taxonomy":"post_tag","embeddable":true,"href":"https:\/\/millitv.net\/index.php?rest_route=%2Fwp%2Fv2%2Ftags&post=4928"}],"curies":[{"name":"wp","href":"https:\/\/api.w.org\/{rel}","templated":true}]}}