{"id":4926,"date":"2023-10-25T10:18:40","date_gmt":"2023-10-25T10:18:40","guid":{"rendered":"https:\/\/millinews.az\/xeber\/goygold%C9%99-ayilar-k%C9%99ndl%C9%99r%C9%99-hucum-etdi\/"},"modified":"2023-10-25T10:18:40","modified_gmt":"2023-10-25T10:18:40","slug":"goygold%C9%99-ayilar-k%C9%99ndl%C9%99r%C9%99-hucum-etdi","status":"publish","type":"post","link":"https:\/\/millitv.net\/?p=4926","title":{"rendered":"G\u00f6yg\u00f6ld\u0259 ay\u0131lar k\u0259ndl\u0259r\u0259 h\u00fcc\u00fcm etdi"},"content":{"rendered":"<p><img decoding=\"async\" src=\"https:\/\/Millinews.az\/storage\/2023\/10\/25\/d9134ed3-2e2a-3c31-bb77-525b5fd7f374.jpg\" alt=\"\" title=\"\"><\/p>\n<div id=\"mvp-content-main\">\n<p><strong>G\u00f6yg\u00f6l rayonunun Qu\u015f\u00e7u v\u0259 Qarabulaq k\u0259ndl\u0259rind\u0259 ay\u0131lar t\u0259s\u0259rr\u00fcfata h\u00fcc\u00fcm ed\u0259r\u0259k z\u0259r\u0259r vurublar.<\/strong><\/p>\n<p><strong><a target=\"_blank\" href=\"https:\/\/Millinews.az\" rel=\"noopener\">Millinews.az<\/a><\/strong> report-a istinadla x\u0259b\u0259r verir ki, son g\u00fcnl\u0259rd\u0259 d\u0259f\u0259l\u0259r\u0259 onlara m\u0259xsus ar\u0131 ye\u015fikl\u0259ri, mal-qara v\u0259 meyv\u0259 a\u011faclar\u0131 ay\u0131lar t\u0259r\u0259find\u0259n z\u0259r\u0259r g\u00f6r\u00fcb.<\/p>\n<p>Sakinl\u0259r bildirib ki, bir ne\u00e7\u0259 g\u00fcn \u00f6nc\u0259 h\u0259m Qu\u015f\u00e7u k\u0259ndind\u0259, h\u0259m d\u0259 qon\u015fu k\u0259ndl\u0259r olan Qarabulaq v\u0259 Sar\u0131su k\u0259ndl\u0259rind\u0259 bir ne\u00e7\u0259 n\u0259f\u0259rin t\u0259s\u0259rr\u00fcfat\u0131na ay\u0131lar t\u0259r\u0259find\u0259n ciddi z\u0259r\u0259r yetirilib.<\/p>\n<p>Bel\u0259 ki, ay\u0131lar Qu\u015f\u00e7u k\u0259nd sakini Y.Qarayevaya, h\u0259m\u00e7inin Qarabulaq k\u0259nd sakini M.Haqveridyevaya m\u0259xsus ar\u0131 t\u0259s\u0259rr\u00fcfat\u0131na z\u0259r\u0259r vurub, bir ne\u00e7\u0259 p\u0259t\u0259k da\u011f\u0131d\u0131l\u0131b, ar\u0131 ail\u0259l\u0259ri t\u0259l\u0259f olub.<\/p>\n<p>Qarabulaq k\u0259nd sakini E.M\u0259mm\u0259dova m\u0259xsus meyv\u0259 v\u0259 qoz a\u011faclar\u0131 da ay\u0131lar t\u0259r\u0259find\u0259n s\u0131nd\u0131r\u0131l\u0131b.<\/p>\n<p>Qarabulaq k\u0259nd sakini S.Al\u0131\u015fanova m\u0259xsus 2 ba\u015f mal-qara is\u0259 ay\u0131lar t\u0259r\u0259find\u0259n par\u00e7alan\u0131b.<\/p>\n<p>Sakinl\u0259r ox\u015far hal\u0131n qon\u015fu k\u0259nd olan Sar\u0131su k\u0259ndind\u0259 d\u0259 ba\u015f verdiyini bildiribl\u0259r.<\/p>\n<p>M\u0259s\u0259l\u0259 il\u0259 ba\u011fl\u0131 Ekologiya v\u0259 T\u0259bii S\u0259rv\u0259tl\u0259r Nazirliyin\u0259 m\u00fcraci\u0259t olunub. Nazirliyin 10 sayl\u0131 Regional idar\u0259sinin \u0259m\u0259kda\u015flar\u0131 \u0259razid\u0259 olub, faktlarla ba\u011fl\u0131 qeydl\u0259r al\u0131blar.<\/p>\n<p>&#8220;\u0130dar\u0259d\u0259n bildirdil\u0259r ki, r\u0259smi ov t\u00fcf\u0259ngi olan bir ne\u00e7\u0259 k\u0259nd sakini ay\u0131lar\u0131n k\u0259nd\u0259, t\u0259s\u0259rr\u00fcfata h\u00fccum etm\u0259m\u0259si \u00fc\u00e7\u00fcn n\u00f6vb\u0259 \u00e7\u0259ksinl\u0259r, \u0259g\u0259r ay\u0131lar g\u0259l\u0259rs\u0259, havaya at\u0259\u015f a\u00e7araq onlar\u0131 qorxudub \u0259razid\u0259n uzaqla\u015fd\u0131rs\u0131nlar. Ay\u0131n\u0131 \u00f6ld\u00fcrm\u0259k olmaz, \u0259g\u0259r ay\u0131n\u0131 \u00f6ld\u00fcrs\u0259l\u0259r, k\u00fcll\u00fc miqdarda c\u0259rm\u0259 \u00f6d\u0259m\u0259li olacaqlar&#8221;, &#8211; dey\u0259 sakinl\u0259r bildirib.<\/p>\n<p>K\u0259ndlil\u0259r he\u00e7 bir sakind\u0259 ov t\u00fcf\u0259ngi olmad\u0131\u011f\u0131n\u0131 v\u0259 n\u00f6vb\u0259 \u00e7\u0259k\u0259 bilm\u0259y\u0259c\u0259kl\u0259rini deyibl\u0259r.<\/p>\n<p>Qeyd ed\u0259k ki, h\u0259r iki k\u0259nd me\u015f\u0259lik v\u0259 da\u011fl\u0131q \u0259razid\u0259 yerl\u0259\u015fir. K\u0259nd sakinl\u0259ri maldarl\u0131q, ar\u0131\u00e7\u0131l\u0131q v\u0259 \u0259kin\u00e7ilikl\u0259 m\u0259\u015f\u011ful olurlar.<\/p>\n<\/p><\/div>\n<p><script>\n        (function (d, s, id) {\n            var js, fjs = d.getElementsByTagName(s)[0];\n            if (d.getElementById(id)) return;\n            js = d.createElement(s);\n            js.id = id;\n            js.src = \"\/\/connect.facebook.net\/az_AZ\/sdk.js#xfbml=1&version=v2.7&appId=\";\n            fjs.parentNode.insertBefore(js, fjs);\n        }(document, 'script', 'facebook-jssdk'));\n    <\/script><\/p>\n","protected":false},"excerpt":{"rendered":"<p>G\u00f6yg\u00f6l rayonunun Qu\u015f\u00e7u v\u0259 Qarabulaq k\u0259ndl\u0259rind\u0259 ay\u0131lar t\u0259s\u0259rr\u00fcfata h\u00fcc\u00fcm ed\u0259r\u0259k z\u0259r\u0259r vurublar. Millinews.az report-a istinadla x\u0259b\u0259r verir ki, son g\u00fcnl\u0259rd\u0259 d\u0259f\u0259l\u0259r\u0259 onlara m\u0259xsus ar\u0131 ye\u015fikl\u0259ri, mal-qara v\u0259 meyv\u0259 a\u011faclar\u0131 ay\u0131lar t\u0259r\u0259find\u0259n z\u0259r\u0259r g\u00f6r\u00fcb. Sakinl\u0259r bildirib ki, bir ne\u00e7\u0259 g\u00fcn \u00f6nc\u0259 h\u0259m Qu\u015f\u00e7u k\u0259ndind\u0259, h\u0259m d\u0259 qon\u015fu k\u0259ndl\u0259r olan Qarabulaq v\u0259 Sar\u0131su k\u0259ndl\u0259rind\u0259 bir ne\u00e7\u0259 n\u0259f\u0259rin &hellip;<\/p>\n","protected":false},"author":1,"featured_media":4927,"comment_status":"open","ping_status":"closed","sticky":false,"template":"","format":"standard","meta":{"footnotes":""},"categories":[9],"tags":[],"class_list":["post-4926","post","type-post","status-publish","format-standard","has-post-thumbnail","hentry","category-xeber"],"_links":{"self":[{"href":"https:\/\/millitv.net\/index.php?rest_route=\/wp\/v2\/posts\/4926","targetHints":{"allow":["GET"]}}],"collection":[{"href":"https:\/\/millitv.net\/index.php?rest_route=\/wp\/v2\/posts"}],"about":[{"href":"https:\/\/millitv.net\/index.php?rest_route=\/wp\/v2\/types\/post"}],"author":[{"embeddable":true,"href":"https:\/\/millitv.net\/index.php?rest_route=\/wp\/v2\/users\/1"}],"replies":[{"embeddable":true,"href":"https:\/\/millitv.net\/index.php?rest_route=%2Fwp%2Fv2%2Fcomments&post=4926"}],"version-history":[{"count":0,"href":"https:\/\/millitv.net\/index.php?rest_route=\/wp\/v2\/posts\/4926\/revisions"}],"wp:featuredmedia":[{"embeddable":true,"href":"https:\/\/millitv.net\/index.php?rest_route=\/wp\/v2\/media\/4927"}],"wp:attachment":[{"href":"https:\/\/millitv.net\/index.php?rest_route=%2Fwp%2Fv2%2Fmedia&parent=4926"}],"wp:term":[{"taxonomy":"category","embeddable":true,"href":"https:\/\/millitv.net\/index.php?rest_route=%2Fwp%2Fv2%2Fcategories&post=4926"},{"taxonomy":"post_tag","embeddable":true,"href":"https:\/\/millitv.net\/index.php?rest_route=%2Fwp%2Fv2%2Ftags&post=4926"}],"curies":[{"name":"wp","href":"https:\/\/api.w.org\/{rel}","templated":true}]}}