{"id":4920,"date":"2023-10-25T10:04:27","date_gmt":"2023-10-25T10:04:27","guid":{"rendered":"https:\/\/millinews.az\/xeber\/eli-es%C9%99dov-3-cu-dim-dialoqunun-istirakcilari-il%C9%99-gorusdu\/"},"modified":"2023-10-25T10:04:27","modified_gmt":"2023-10-25T10:04:27","slug":"eli-es%C9%99dov-3-cu-dim-dialoqunun-istirakcilari-il%C9%99-gorusdu","status":"publish","type":"post","link":"https:\/\/millitv.net\/?p=4920","title":{"rendered":"\u018fli \u018fs\u0259dov 3-c\u00fc D\u0130M Dialoqunun i\u015ftirak\u00e7\u0131lar\u0131 il\u0259 g\u00f6r\u00fc\u015fd\u00fc"},"content":{"rendered":"<div id=\"maincontent\">&#13;<br \/>\n        &#13;<\/p>\n<p><strong>Oktyabr\u0131n 25-d\u0259 Az\u0259rbaycan Respublikas\u0131n\u0131n Ba\u015f naziri \u018fli \u018fs\u0259dov Bak\u0131da \u201c2023-c\u00fc il \u201cQlobal Dayan\u0131ql\u0131 \u0130nki\u015faf M\u0259qs\u0259dl\u0259ri Sammitinin n\u0259tic\u0259l\u0259ri v\u0259 D\u0130M-l\u0259rin h\u0259yata ke\u00e7irilm\u0259sind\u0259 ali audit qurumlar\u0131n\u0131n rolu\u201d m\u00f6vzusunda ke\u00e7iril\u0259n 3-c\u00fc D\u0130M Dialoqunda i\u015ftirak ed\u0259n ali audit qurumlar\u0131n\u0131n r\u0259hb\u0259r \u015f\u0259xsl\u0259ri il\u0259 g\u00f6r\u00fc\u015f\u00fcb.<\/strong><\/p>\n<p>Nazirl\u0259r Kabinetind\u0259n <a href=\"https:\/\/Millinews.az\" target=\"_blank\" class=\"kw-link\" rel=\"noopener\">Millinews.az<\/a>-a veril\u0259n m\u0259lumata g\u00f6r\u0259, \u018f.\u018fs\u0259dov 3-c\u00fc D\u0130M Dialoqunun \u0259h\u0259miyy\u0259tini vur\u011fulayaraq onu Az\u0259rbaycan\u0131n D\u0130M-l\u0259r\u0259 nail olunmas\u0131 istiqam\u0259tind\u0259 \u0259ld\u0259 etdiyi ir\u0259lil\u0259yi\u015fl\u0259rl\u0259 tan\u0131\u015f olmaq, h\u0259m\u00e7inin bu prosesin qiym\u0259tl\u0259ndirilm\u0259sind\u0259 ali audit qurumlar\u0131n\u0131n rolunu n\u0259z\u0259rd\u0259n ke\u00e7irm\u0259k \u00fc\u00e7\u00fcn yax\u015f\u0131 f\u00fcrs\u0259t kimi d\u0259y\u0259rl\u0259ndirib. &#13;\n<\/p>\n<p>Az\u0259rbaycan H\u00f6kum\u0259tin\u0131n BMT il\u0259 \u0259m\u0259kda\u015fl\u0131\u011fa b\u00f6y\u00fck \u00f6n\u0259m verdiyini dey\u0259n Ba\u015f nazir D\u0130M \u00fczr\u0259 \u00f6hd\u0259likl\u0259rin h\u0259yata ke\u00e7irilm\u0259sinin \u00f6lk\u0259mizd\u0259 d\u00f6vl\u0259t siyas\u0259tinin m\u00fch\u00fcm t\u0259rkib hiss\u0259l\u0259rind\u0259n biri oldu\u011funu bildirib.<\/p>\n<p>Diqq\u0259t\u0259 \u00e7atd\u0131r\u0131b ki, D\u0130M-l\u0259rin icras\u0131 il\u0259 ba\u011fl\u0131 s\u0259m\u0259r\u0259li milli icra mexanizminin formala\u015fd\u0131r\u0131lmas\u0131na ehtiyac oldu\u011fu n\u0259z\u0259r\u0259 alaraq, 2016-c\u0131 ild\u0259 Az\u0259rbaycan Prezidenti t\u0259r\u0259find\u0259n Dayan\u0131ql\u0131 \u0130nki\u015faf \u00fczr\u0259 Milli \u018flaq\u0259l\u0259ndirm\u0259 \u015euras\u0131 yarad\u0131l\u0131b.<\/p>\n<p>\u00d6t\u0259n d\u00f6vrd\u0259 \u00f6lk\u0259mizd\u0259 D\u0130M-l\u0259r\u0259 nail olunmas\u0131 istiqam\u0259tind\u0259 m\u00fch\u00fcm i\u015fl\u0259rin g\u00f6r\u00fcld\u00fcy\u00fcn\u00fc dey\u0259n \u018f.\u018fs\u0259dov Az\u0259rbaycan\u0131n D\u0130M-l\u0259rin icras\u0131 \u00fczr\u0259 BMT-nin Y\u00fcks\u0259k S\u0259viyy\u0259li Siyasi Forumuna 3 d\u0259f\u0259 K\u00f6n\u00fcll\u00fc Milli Hesabat t\u0259qdim ed\u0259n regionda ilk v\u0259 d\u00fcnyada 10 \u00f6lk\u0259d\u0259n biri oldu\u011funu bildirib.<\/p>\n<p>Diqq\u0259t\u0259 \u00e7atd\u0131r\u0131l\u0131b ki, Az\u0259rbaycan H\u00f6kum\u0259ti D\u0130M-l\u0259rin h\u0259yata ke\u00e7irilm\u0259sind\u0259, o c\u00fcml\u0259d\u0259n ayr\u0131lm\u0131\u015f v\u0259saitl\u0259rin m\u0259qs\u0259dy\u00f6nl\u00fc istifad\u0259si, h\u0259m\u00e7inin \u015f\u0259ffafl\u0131q v\u0259 hesabatl\u0131l\u0131\u011f\u0131n t\u0259min edilm\u0259sind\u0259 ali audit qurumlar\u0131n\u0131n roluna b\u00f6y\u00fck \u0259h\u0259miyy\u0259t verir. Bu m\u0259s\u0259l\u0259 cari ilin mart ay\u0131nda Milli \u018flaq\u0259l\u0259ndirm\u0259 \u015euras\u0131 t\u0259r\u0259find\u0259n q\u0259bul edilmi\u015f F\u0259aliyy\u0259t Plan\u0131nda \u00f6z \u0259ksini tap\u0131b.<\/p>\n<p>Bildirilib ki, Qo\u015fulmama H\u0259r\u0259kat\u0131n\u0131n COVID-19-a qar\u015f\u0131 m\u00fcbariz\u0259 \u00fczr\u0259 T\u0259mas Qrupunun cari ilin mart ay\u0131nda Bak\u0131da ke\u00e7iril\u0259n Zirv\u0259 g\u00f6r\u00fc\u015f\u00fcnd\u0259 Az\u0259rbaycan Respublikas\u0131n\u0131n Prezidenti t\u0259r\u0259find\u0259n 18-ci Dayan\u0131ql\u0131 \u0130nki\u015faf M\u0259qs\u0259di t\u0259\u015f\u0259bb\u00fcs\u00fc ir\u0259li s\u00fcr\u00fcl\u00fcb. Mina t\u0259hl\u00fck\u0259si il\u0259 m\u00fcbariz\u0259y\u0259 dair f\u0259aliyy\u0259tl\u0259ri \u00f6z\u00fcnd\u0259 ehtiva ed\u0259n bu D\u0130M-in Az\u0259rbaycan\u0131n i\u015f\u011faldan azad olunmu\u015f \u0259razil\u0259rind\u0259 b\u0259rpa i\u015fl\u0259rinin apar\u0131lmas\u0131 v\u0259 h\u0259min \u0259razil\u0259r\u0259 t\u0259hl\u00fck\u0259siz qay\u0131d\u0131\u015f\u0131n t\u0259min edilm\u0259si bax\u0131m\u0131ndan \u0259h\u0259miyy\u0259ti vur\u011fulan\u0131b.<\/p>\n<p>Az\u0259rbaycan\u0131n mina v\u0259 dig\u0259r partlay\u0131c\u0131 sursatlardan \u0259n \u00e7ox \u00e7irkl\u0259nmi\u015f \u00f6lk\u0259l\u0259rd\u0259n biri oldu\u011fu diqq\u0259t\u0259 \u00e7atd\u0131r\u0131laraq, \u0130kinci Qaraba\u011f m\u00fcharib\u0259si ba\u015fa \u00e7atandan sonra 300-d\u0259n \u00e7ox h\u0259rbi v\u0259 m\u00fclki v\u0259t\u0259nda\u015f\u0131m\u0131z\u0131n minadan h\u0259lak oldu\u011fu v\u0259 a\u011f\u0131r yaraland\u0131\u011f\u0131 qeyd edilib.<br \/>G\u00f6r\u00fc\u015fd\u0259 D\u0130M-l\u0259rin h\u0259yata ke\u00e7irilm\u0259sind\u0259 Ali Audit Qurumlar\u0131n\u0131n rolu m\u00fczakir\u0259 olunub.&#13;<br \/>\n        &#13;<br \/>\n&#13;<br \/>\n        &#13;<br \/>\n&#13;\n        <\/p>\n<p><noscript><\/p>\n<p>You must enable Javascript on your browser for the site to work optimally and display sections completely.<\/p>\n<p><\/noscript>\t\t&#13;<br \/>\n\t\t&#13;\n    <\/div>\n<p><script type=\"text\/javascript\">jQuery(document).ready(function () {\n(function(d, s, id) {\n    var js, fjs = d.getElementsByTagName(s)[0];\n    if (d.getElementById(id))\n        return;\n    js = d.createElement(s);\n    js.id = id;\n    js.src = \"\/\/connect.facebook.net\/az_AZ\/all.js#xfbml=1&appId=1002485763137712\";\n    fjs.parentNode.insertBefore(js, fjs);\n}(document, 'script', 'facebook-jssdk'));                \n});<\/script><\/p>\n","protected":false},"excerpt":{"rendered":"<p>&#13; &#13; Oktyabr\u0131n 25-d\u0259 Az\u0259rbaycan Respublikas\u0131n\u0131n Ba\u015f naziri \u018fli \u018fs\u0259dov Bak\u0131da \u201c2023-c\u00fc il \u201cQlobal Dayan\u0131ql\u0131 \u0130nki\u015faf M\u0259qs\u0259dl\u0259ri Sammitinin n\u0259tic\u0259l\u0259ri v\u0259 D\u0130M-l\u0259rin h\u0259yata ke\u00e7irilm\u0259sind\u0259 ali audit qurumlar\u0131n\u0131n rolu\u201d m\u00f6vzusunda ke\u00e7iril\u0259n 3-c\u00fc D\u0130M Dialoqunda i\u015ftirak ed\u0259n ali audit qurumlar\u0131n\u0131n r\u0259hb\u0259r \u015f\u0259xsl\u0259ri il\u0259 g\u00f6r\u00fc\u015f\u00fcb. Nazirl\u0259r Kabinetind\u0259n Millinews.az-a veril\u0259n m\u0259lumata g\u00f6r\u0259, \u018f.\u018fs\u0259dov 3-c\u00fc D\u0130M Dialoqunun \u0259h\u0259miyy\u0259tini vur\u011fulayaraq onu Az\u0259rbaycan\u0131n &hellip;<\/p>\n","protected":false},"author":1,"featured_media":4921,"comment_status":"open","ping_status":"closed","sticky":false,"template":"","format":"standard","meta":{"footnotes":""},"categories":[9],"tags":[],"class_list":["post-4920","post","type-post","status-publish","format-standard","has-post-thumbnail","hentry","category-xeber"],"_links":{"self":[{"href":"https:\/\/millitv.net\/index.php?rest_route=\/wp\/v2\/posts\/4920","targetHints":{"allow":["GET"]}}],"collection":[{"href":"https:\/\/millitv.net\/index.php?rest_route=\/wp\/v2\/posts"}],"about":[{"href":"https:\/\/millitv.net\/index.php?rest_route=\/wp\/v2\/types\/post"}],"author":[{"embeddable":true,"href":"https:\/\/millitv.net\/index.php?rest_route=\/wp\/v2\/users\/1"}],"replies":[{"embeddable":true,"href":"https:\/\/millitv.net\/index.php?rest_route=%2Fwp%2Fv2%2Fcomments&post=4920"}],"version-history":[{"count":0,"href":"https:\/\/millitv.net\/index.php?rest_route=\/wp\/v2\/posts\/4920\/revisions"}],"wp:featuredmedia":[{"embeddable":true,"href":"https:\/\/millitv.net\/index.php?rest_route=\/wp\/v2\/media\/4921"}],"wp:attachment":[{"href":"https:\/\/millitv.net\/index.php?rest_route=%2Fwp%2Fv2%2Fmedia&parent=4920"}],"wp:term":[{"taxonomy":"category","embeddable":true,"href":"https:\/\/millitv.net\/index.php?rest_route=%2Fwp%2Fv2%2Fcategories&post=4920"},{"taxonomy":"post_tag","embeddable":true,"href":"https:\/\/millitv.net\/index.php?rest_route=%2Fwp%2Fv2%2Ftags&post=4920"}],"curies":[{"name":"wp","href":"https:\/\/api.w.org\/{rel}","templated":true}]}}