{"id":4918,"date":"2023-10-25T09:58:17","date_gmt":"2023-10-25T09:58:17","guid":{"rendered":"https:\/\/millinews.az\/xeber\/prezident-bu-yolun-tikintisin%C9%99-4-milyondan-cox-v%C9%99sait-ayirdi\/"},"modified":"2023-10-25T09:58:17","modified_gmt":"2023-10-25T09:58:17","slug":"prezident-bu-yolun-tikintisin%C9%99-4-milyondan-cox-v%C9%99sait-ayirdi","status":"publish","type":"post","link":"https:\/\/millitv.net\/?p=4918","title":{"rendered":"Prezident bu yolun tikintisin\u0259 4 milyondan \u00e7ox v\u0259sait ay\u0131rd\u0131"},"content":{"rendered":"<div id=\"maincontent\">&#13;<br \/>\n        &#13;<\/p>\n<p><strong>Prezident \u0130lham \u018fliyev B\u00f6y\u00fck\u015for\u2013Pir\u015fa\u011f\u0131 avtomobil yolunun layih\u0259l\u0259ndirilm\u0259si v\u0259 tikintisi il\u0259 ba\u011fl\u0131 t\u0259dbirl\u0259r haqq\u0131nda S\u0259r\u0259ncam imzalay\u0131b.<\/strong><\/p>\n<p> <a href=\"https:\/\/Millinews.az\" target=\"_blank\" class=\"kw-link\" rel=\"noopener\">Millinews.az<\/a>  x\u0259b\u0259r verir ki, S\u0259r\u0259ncama \u0259sas\u0259n, Bak\u0131 \u015f\u0259h\u0259rind\u0259 n\u0259qliyyat s\u0131xl\u0131\u011f\u0131n\u0131n azald\u0131lmas\u0131 m\u0259qs\u0259dil\u0259 uzunlu\u011fu 12,7 km olan alt\u0131 h\u0259r\u0259k\u0259t zolaql\u0131 B\u00f6y\u00fck\u015for\u2013Pir\u015fa\u011f\u0131 avtomobil yolunun layih\u0259l\u0259ndirilm\u0259si v\u0259 tikintisi \u00fc\u00e7\u00fcn Az\u0259rbaycan Respublikas\u0131n\u0131n 2023-c\u00fc il d\u00f6vl\u0259t b\u00fcdc\u0259sind\u0259 n\u0259z\u0259rd\u0259 tutulmu\u015f Az\u0259rbaycan Respublikas\u0131 Prezidentinin ehtiyat fondundan Az\u0259rbaycan Avtomobil Yollar\u0131 D\u00f6vl\u0259t Agentliyin\u0259 ilkin olaraq 4,7 milyon (d\u00f6rd milyon yeddi y\u00fcz min) manat ayr\u0131l\u0131b. &#13;\n<\/p>\n<p>Az\u0259rbaycan Respublikas\u0131n\u0131n Maliyy\u0259 Nazirliyi bu S\u0259r\u0259ncam\u0131n 1-ci hiss\u0259sind\u0259 g\u00f6st\u0259ril\u0259n m\u0259bl\u0259\u011fd\u0259 maliyy\u0259l\u0259\u015fm\u0259ni t\u0259min etm\u0259li, Az\u0259rbaycan Respublikas\u0131n\u0131n \u0130qtisadiyyat Nazirliyi bu S\u0259r\u0259ncam\u0131n 1-ci hiss\u0259sind\u0259 g\u00f6st\u0259ril\u0259n avtomobil yolunun tikintisinin ba\u015fa \u00e7atd\u0131r\u0131lmas\u0131 \u00fc\u00e7\u00fcn z\u0259ruri olan maliyy\u0259 v\u0259saitini Az\u0259rbaycan Respublikas\u0131n\u0131n 2024-c\u00fc il d\u00f6vl\u0259t b\u00fcdc\u0259si layih\u0259sind\u0259 d\u00f6vl\u0259t \u0259sasl\u0131 v\u0259sait qoyulu\u015fu x\u0259rcl\u0259rinin b\u00f6lg\u00fcs\u00fcnd\u0259 n\u0259z\u0259rd\u0259 tutmal\u0131d\u0131r.<\/p>\n<p>Az\u0259rbaycan Respublikas\u0131n\u0131n Nazirl\u0259r Kabinetin\u0259 bu S\u0259r\u0259ncamdan ir\u0259li g\u0259l\u0259n m\u0259s\u0259l\u0259l\u0259ri h\u0259ll etm\u0259k tap\u015f\u0131r\u0131l\u0131b.&#13;<br \/>\n        &#13;<br \/>\n&#13;<br \/>\n        &#13;<br \/>\n&#13;\n        <\/p>\n<p><noscript><\/p>\n<p>You must enable Javascript on your browser for the site to work optimally and display sections completely.<\/p>\n<p><\/noscript>\t\t&#13;<br \/>\n\t\t&#13;\n    <\/div>\n<p><script type=\"text\/javascript\">jQuery(document).ready(function () {\n(function(d, s, id) {\n    var js, fjs = d.getElementsByTagName(s)[0];\n    if (d.getElementById(id))\n        return;\n    js = d.createElement(s);\n    js.id = id;\n    js.src = \"\/\/connect.facebook.net\/az_AZ\/all.js#xfbml=1&appId=1002485763137712\";\n    fjs.parentNode.insertBefore(js, fjs);\n}(document, 'script', 'facebook-jssdk'));                \n});<\/script><\/p>\n","protected":false},"excerpt":{"rendered":"<p>&#13; &#13; Prezident \u0130lham \u018fliyev B\u00f6y\u00fck\u015for\u2013Pir\u015fa\u011f\u0131 avtomobil yolunun layih\u0259l\u0259ndirilm\u0259si v\u0259 tikintisi il\u0259 ba\u011fl\u0131 t\u0259dbirl\u0259r haqq\u0131nda S\u0259r\u0259ncam imzalay\u0131b. Millinews.az x\u0259b\u0259r verir ki, S\u0259r\u0259ncama \u0259sas\u0259n, Bak\u0131 \u015f\u0259h\u0259rind\u0259 n\u0259qliyyat s\u0131xl\u0131\u011f\u0131n\u0131n azald\u0131lmas\u0131 m\u0259qs\u0259dil\u0259 uzunlu\u011fu 12,7 km olan alt\u0131 h\u0259r\u0259k\u0259t zolaql\u0131 B\u00f6y\u00fck\u015for\u2013Pir\u015fa\u011f\u0131 avtomobil yolunun layih\u0259l\u0259ndirilm\u0259si v\u0259 tikintisi \u00fc\u00e7\u00fcn Az\u0259rbaycan Respublikas\u0131n\u0131n 2023-c\u00fc il d\u00f6vl\u0259t b\u00fcdc\u0259sind\u0259 n\u0259z\u0259rd\u0259 tutulmu\u015f Az\u0259rbaycan Respublikas\u0131 Prezidentinin ehtiyat &hellip;<\/p>\n","protected":false},"author":1,"featured_media":4919,"comment_status":"open","ping_status":"closed","sticky":false,"template":"","format":"standard","meta":{"footnotes":""},"categories":[9],"tags":[],"class_list":["post-4918","post","type-post","status-publish","format-standard","has-post-thumbnail","hentry","category-xeber"],"_links":{"self":[{"href":"https:\/\/millitv.net\/index.php?rest_route=\/wp\/v2\/posts\/4918","targetHints":{"allow":["GET"]}}],"collection":[{"href":"https:\/\/millitv.net\/index.php?rest_route=\/wp\/v2\/posts"}],"about":[{"href":"https:\/\/millitv.net\/index.php?rest_route=\/wp\/v2\/types\/post"}],"author":[{"embeddable":true,"href":"https:\/\/millitv.net\/index.php?rest_route=\/wp\/v2\/users\/1"}],"replies":[{"embeddable":true,"href":"https:\/\/millitv.net\/index.php?rest_route=%2Fwp%2Fv2%2Fcomments&post=4918"}],"version-history":[{"count":0,"href":"https:\/\/millitv.net\/index.php?rest_route=\/wp\/v2\/posts\/4918\/revisions"}],"wp:featuredmedia":[{"embeddable":true,"href":"https:\/\/millitv.net\/index.php?rest_route=\/wp\/v2\/media\/4919"}],"wp:attachment":[{"href":"https:\/\/millitv.net\/index.php?rest_route=%2Fwp%2Fv2%2Fmedia&parent=4918"}],"wp:term":[{"taxonomy":"category","embeddable":true,"href":"https:\/\/millitv.net\/index.php?rest_route=%2Fwp%2Fv2%2Fcategories&post=4918"},{"taxonomy":"post_tag","embeddable":true,"href":"https:\/\/millitv.net\/index.php?rest_route=%2Fwp%2Fv2%2Ftags&post=4918"}],"curies":[{"name":"wp","href":"https:\/\/api.w.org\/{rel}","templated":true}]}}