{"id":4883,"date":"2023-10-25T08:38:52","date_gmt":"2023-10-25T08:38:52","guid":{"rendered":"https:\/\/millinews.az\/xeber\/baydenin-bu-t%C9%99l%C9%99bi-abs-da-qarsidurmaya-s%C9%99b%C9%99b-oldu\/"},"modified":"2023-10-25T08:38:52","modified_gmt":"2023-10-25T08:38:52","slug":"baydenin-bu-t%C9%99l%C9%99bi-abs-da-qarsidurmaya-s%C9%99b%C9%99b-oldu","status":"publish","type":"post","link":"https:\/\/millitv.net\/?p=4883","title":{"rendered":"Baydenin bu t\u0259l\u0259bi AB\u015e-da qar\u015f\u0131durmaya s\u0259b\u0259b oldu"},"content":{"rendered":"<p><img decoding=\"async\" src=\"https:\/\/Millinews.az\/storage\/2019\/04\/23\/bayden.jpg\" alt=\"\" title=\"\"><\/p>\n<div id=\"mvp-content-main\">\n<p><strong>Baydenin \u0130srail v\u0259 Ukraynaya yard\u0131m ist\u0259m\u0259si Capitol Hilld\u0259 probleml\u0259r yarad\u0131r.<\/strong><\/p>\n<p><strong><a target=\"_blank\" href=\"https:\/\/Millinews.az\" rel=\"noopener\">Millinews.az<\/a><\/strong> x\u0259b\u0259r verir ki, AB\u015e prezidenti Co Baydenin \u0130srail v\u0259 Ukraynaya yard\u0131m da daxil olmaqla 106 milyard dollarl\u0131q milli t\u0259hl\u00fck\u0259sizlik t\u0259l\u0259bi b\u00f6y\u00fck probleml\u0259r\u0259 s\u0259b\u0259b olub. Bu bar\u0259d\u0259 &#8220;Politico&#8221; yaz\u0131b.<\/p>\n<p>M\u0259lumata g\u00f6r\u0259, respublika\u00e7\u0131lar \u0130srail v\u0259 Ukraynaya yard\u0131m\u0131n birl\u0259\u015fdirilib-birl\u0259\u015fdirilm\u0259m\u0259si il\u0259 ba\u011fl\u0131 fikir ayr\u0131l\u0131\u011f\u0131na malikdirl\u0259r, o c\u00fcml\u0259d\u0259n, bir \u00e7oxlar\u0131 s\u0259rh\u0259d siyas\u0259tind\u0259 b\u00f6y\u00fck d\u0259yi\u015fiklikl\u0259rin edilm\u0259sini t\u0259l\u0259b edir v\u0259 m\u0259bl\u0259\u011fd\u0259n naraz\u0131d\u0131rlar. Onlar 106 milyard dollarl\u0131q \u0259lav\u0259 qanun layih\u0259sinin x\u00fcsusiyy\u0259tl\u0259rind\u0259n \u0259lav\u0259, \u0130srail\u0259 yard\u0131m\u0131n Ukrayna \u00fc\u00e7\u00fcn davaml\u0131 m\u00fcdafi\u0259 maliyy\u0259si il\u0259 birl\u0259\u015fdirilm\u0259sinin f\u0259ls\u0259fi konsepsiyas\u0131n\u0131 m\u00fczakir\u0259 edirl\u0259r.<\/p>\n<p>Ukraynaya daha \u00e7ox yard\u0131m g\u00f6nd\u0259rilm\u0259si Respublika\u00e7\u0131lar Partiyas\u0131nda b\u00f6l\u00fcc\u00fc m\u0259s\u0259l\u0259 olaraq qal\u0131r v\u0259 b\u0259zi respublika\u00e7\u0131lar Senat\u0131n \u0130srail\u0259 yard\u0131m\u0131 ayr\u0131ca n\u0259z\u0259rd\u0259n ke\u00e7irm\u0259sini ist\u0259yirl\u0259r.<\/p>\n<p><strong>Mehti Kamilo\u011flu<\/strong><\/p>\n<\/p><\/div>\n<p><script>\n        (function (d, s, id) {\n            var js, fjs = d.getElementsByTagName(s)[0];\n            if (d.getElementById(id)) return;\n            js = d.createElement(s);\n            js.id = id;\n            js.src = \"\/\/connect.facebook.net\/az_AZ\/sdk.js#xfbml=1&version=v2.7&appId=\";\n            fjs.parentNode.insertBefore(js, fjs);\n        }(document, 'script', 'facebook-jssdk'));\n    <\/script><\/p>\n","protected":false},"excerpt":{"rendered":"<p>Baydenin \u0130srail v\u0259 Ukraynaya yard\u0131m ist\u0259m\u0259si Capitol Hilld\u0259 probleml\u0259r yarad\u0131r. Millinews.az x\u0259b\u0259r verir ki, AB\u015e prezidenti Co Baydenin \u0130srail v\u0259 Ukraynaya yard\u0131m da daxil olmaqla 106 milyard dollarl\u0131q milli t\u0259hl\u00fck\u0259sizlik t\u0259l\u0259bi b\u00f6y\u00fck probleml\u0259r\u0259 s\u0259b\u0259b olub. Bu bar\u0259d\u0259 &#8220;Politico&#8221; yaz\u0131b. M\u0259lumata g\u00f6r\u0259, respublika\u00e7\u0131lar \u0130srail v\u0259 Ukraynaya yard\u0131m\u0131n birl\u0259\u015fdirilib-birl\u0259\u015fdirilm\u0259m\u0259si il\u0259 ba\u011fl\u0131 fikir ayr\u0131l\u0131\u011f\u0131na malikdirl\u0259r, o c\u00fcml\u0259d\u0259n, bir &hellip;<\/p>\n","protected":false},"author":1,"featured_media":4884,"comment_status":"open","ping_status":"closed","sticky":false,"template":"","format":"standard","meta":{"footnotes":""},"categories":[9],"tags":[],"class_list":["post-4883","post","type-post","status-publish","format-standard","has-post-thumbnail","hentry","category-xeber"],"_links":{"self":[{"href":"https:\/\/millitv.net\/index.php?rest_route=\/wp\/v2\/posts\/4883","targetHints":{"allow":["GET"]}}],"collection":[{"href":"https:\/\/millitv.net\/index.php?rest_route=\/wp\/v2\/posts"}],"about":[{"href":"https:\/\/millitv.net\/index.php?rest_route=\/wp\/v2\/types\/post"}],"author":[{"embeddable":true,"href":"https:\/\/millitv.net\/index.php?rest_route=\/wp\/v2\/users\/1"}],"replies":[{"embeddable":true,"href":"https:\/\/millitv.net\/index.php?rest_route=%2Fwp%2Fv2%2Fcomments&post=4883"}],"version-history":[{"count":0,"href":"https:\/\/millitv.net\/index.php?rest_route=\/wp\/v2\/posts\/4883\/revisions"}],"wp:featuredmedia":[{"embeddable":true,"href":"https:\/\/millitv.net\/index.php?rest_route=\/wp\/v2\/media\/4884"}],"wp:attachment":[{"href":"https:\/\/millitv.net\/index.php?rest_route=%2Fwp%2Fv2%2Fmedia&parent=4883"}],"wp:term":[{"taxonomy":"category","embeddable":true,"href":"https:\/\/millitv.net\/index.php?rest_route=%2Fwp%2Fv2%2Fcategories&post=4883"},{"taxonomy":"post_tag","embeddable":true,"href":"https:\/\/millitv.net\/index.php?rest_route=%2Fwp%2Fv2%2Ftags&post=4883"}],"curies":[{"name":"wp","href":"https:\/\/api.w.org\/{rel}","templated":true}]}}