{"id":485,"date":"2023-08-24T06:56:58","date_gmt":"2023-08-24T06:56:58","guid":{"rendered":"https:\/\/millinews.az\/?p=485"},"modified":"2023-08-24T06:57:00","modified_gmt":"2023-08-24T06:57:00","slug":"sok-rust%c9%99m-k%c9%99rimov-priqojinin-t%c9%99yyar%c9%99sin%c9%99-olub-foto","status":"publish","type":"post","link":"https:\/\/millitv.net\/?p=485","title":{"rendered":"\u015eOK: R\u00fcst\u0259m K\u0259rimov Priqojinin t\u0259yyar\u0259sin\u0259 \u00f6l\u00fcb &#8211; FOTO"},"content":{"rendered":"\n<p><strong>X\u0259b\u0259r verdiyimiz kimi, &#8220;Vaqner&#8221; \u00f6z\u0259l h\u0259rbi \u015firk\u0259tinin r\u0259hb\u0259ri Yevgeni Priqojinin t\u0259yyar\u0259si q\u0259zaya u\u011fray\u0131b.<\/strong><\/p>\n\n\n\n<p>Unikal x\u0259b\u0259r verir ki, d\u00fcn\u0259n q\u0259zaya u\u011frayan \u00f6z\u0259l t\u0259yyar\u0259d\u0259 Priqojinl\u0259 birg\u0259 dig\u0259r 9 n\u0259f\u0259r d\u0259 h\u0259lak olub.<\/p>\n\n\n\n<p>Ekipaj aras\u0131nda az\u0259rbaycanl\u0131 oldu\u011fu ehtimal edil\u0259n tatar \u0259silli R\u00fcst\u0259m K\u0259rimov da var. O, Embraer-135 \u00f6z\u0259l jetinin ikinci pilotu olub.<\/p>\n\n\n\n<p>M\u0259lumata g\u00f6r\u0259, R.K\u0259rimov \u0259sl\u0259n Perm vilay\u0259tind\u0259ndir. 29 ya\u015fl\u0131 R\u00fcst\u0259m K\u0259rimov Ryazan vilay\u0259tind\u0259ki Sasovo M\u00fclki Aviasiya U\u00e7u\u015f M\u0259kt\u0259binin m\u0259zunudur. O, 2019-cu ild\u0259 evl\u0259nib.<\/p>\n\n\n\n<figure class=\"wp-block-image\"><a href=\"https:\/\/metbuat.az\/images\/metbuat\/images_d\/1477474_0.jpg\" target=\"_blank\" rel=\"noopener\"><img decoding=\"async\" src=\"https:\/\/metbuat.az\/images\/metbuat\/images_d\/1477474_0.jpg\" alt=\"\" title=\"\"><\/a><\/figure>\n","protected":false},"excerpt":{"rendered":"<p>X\u0259b\u0259r verdiyimiz kimi, &#8220;Vaqner&#8221; \u00f6z\u0259l h\u0259rbi \u015firk\u0259tinin r\u0259hb\u0259ri Yevgeni Priqojinin t\u0259yyar\u0259si q\u0259zaya u\u011fray\u0131b. Unikal x\u0259b\u0259r verir ki, d\u00fcn\u0259n q\u0259zaya u\u011frayan \u00f6z\u0259l t\u0259yyar\u0259d\u0259 Priqojinl\u0259 birg\u0259 dig\u0259r 9 n\u0259f\u0259r d\u0259 h\u0259lak olub. Ekipaj aras\u0131nda az\u0259rbaycanl\u0131 oldu\u011fu ehtimal edil\u0259n tatar \u0259silli R\u00fcst\u0259m K\u0259rimov da var. O, Embraer-135 \u00f6z\u0259l jetinin ikinci pilotu olub. M\u0259lumata g\u00f6r\u0259, R.K\u0259rimov \u0259sl\u0259n Perm vilay\u0259tind\u0259ndir. &hellip;<\/p>\n","protected":false},"author":1,"featured_media":486,"comment_status":"open","ping_status":"closed","sticky":false,"template":"","format":"standard","meta":{"footnotes":""},"categories":[4],"tags":[],"class_list":["post-485","post","type-post","status-publish","format-standard","has-post-thumbnail","hentry","category-dunya"],"_links":{"self":[{"href":"https:\/\/millitv.net\/index.php?rest_route=\/wp\/v2\/posts\/485","targetHints":{"allow":["GET"]}}],"collection":[{"href":"https:\/\/millitv.net\/index.php?rest_route=\/wp\/v2\/posts"}],"about":[{"href":"https:\/\/millitv.net\/index.php?rest_route=\/wp\/v2\/types\/post"}],"author":[{"embeddable":true,"href":"https:\/\/millitv.net\/index.php?rest_route=\/wp\/v2\/users\/1"}],"replies":[{"embeddable":true,"href":"https:\/\/millitv.net\/index.php?rest_route=%2Fwp%2Fv2%2Fcomments&post=485"}],"version-history":[{"count":0,"href":"https:\/\/millitv.net\/index.php?rest_route=\/wp\/v2\/posts\/485\/revisions"}],"wp:featuredmedia":[{"embeddable":true,"href":"https:\/\/millitv.net\/index.php?rest_route=\/wp\/v2\/media\/486"}],"wp:attachment":[{"href":"https:\/\/millitv.net\/index.php?rest_route=%2Fwp%2Fv2%2Fmedia&parent=485"}],"wp:term":[{"taxonomy":"category","embeddable":true,"href":"https:\/\/millitv.net\/index.php?rest_route=%2Fwp%2Fv2%2Fcategories&post=485"},{"taxonomy":"post_tag","embeddable":true,"href":"https:\/\/millitv.net\/index.php?rest_route=%2Fwp%2Fv2%2Ftags&post=485"}],"curies":[{"name":"wp","href":"https:\/\/api.w.org\/{rel}","templated":true}]}}