{"id":479,"date":"2023-08-23T09:13:54","date_gmt":"2023-08-23T09:13:54","guid":{"rendered":"https:\/\/millinews.az\/?p=479"},"modified":"2023-08-23T09:13:56","modified_gmt":"2023-08-23T09:13:56","slug":"c%c9%99lilabadda-nisanli-qizi-qaciran-%c9%99miogluna-sok-c%c9%99za-verildi","status":"publish","type":"post","link":"https:\/\/millitv.net\/?p=479","title":{"rendered":"C\u0259lilabadda ni\u015fanl\u0131 q\u0131z\u0131 qa\u00e7\u0131ran \u0259mio\u011fluna\u00a0\u015fok c\u0259za verildi"},"content":{"rendered":"\n<p><strong>L\u0259nk\u0259ran A\u011f\u0131r Cinay\u0259tl\u0259r M\u0259hk\u0259m\u0259sind\u0259 C\u0259lilabadda adam o\u011furlu\u011funda t\u0259qsirl\u0259ndiril\u0259n Mahir Qarayev v\u0259 onun \u0259misi o\u011flu S\u0259nan Qarayevin (h\u0259ri ikininin ad, soyad\u0131 \u015f\u0259rti) cinay\u0259t i\u015fi \u00fczr\u0259 m\u0259hk\u0259m\u0259 istintaq\u0131 ba\u015fa \u00e7at\u0131b.<\/strong><\/p>\n\n\n\n<p>Hakim Aqil Musayevin s\u0259drliyi il\u0259 ke\u00e7iril\u0259n prosesd\u0259 h\u00f6km oxunub. M\u0259hk\u0259m\u0259nin h\u00f6km\u00fc il\u0259 Mahir Qarayev 10 il v\u0259 S\u0259nan Qarayev is\u0259 9 il 6 ay m\u00fcdd\u0259tin\u0259 azadl\u0131qdan m\u0259hrum edilib.<\/p>\n\n\n\n<p>\u0130ttihama g\u00f6r\u0259, hadis\u0259 03 iyul 2021-ci il tarixd\u0259 C\u0259lilabad rayonu, Sabirabad k\u0259ndind\u0259 qeyd\u0259 al\u0131n\u0131b. Bel\u0259 ki, Mahir Qarayev \u0259misi o\u011flu S\u0259nan Qarayevl\u0259 h\u0259mk\u0259ndlisi, z\u0259r\u0259r\u00e7\u0259kmi\u015f Z\u0259min\u0259 Hac\u0131yeva (\u015f\u0259rti) il\u0259 evl\u0259nm\u0259sin\u0259 nail olmaq m\u0259qs\u0259dil\u0259 qad\u0131n\u0131 o\u011furlamaq bar\u0259d\u0259 \u0259vv\u0259lc\u0259d\u0259n raz\u0131l\u0131q \u0259ld\u0259 edib. Mahir h\u0259min g\u00fcn atas\u0131na m\u0259xsus \u201cVAZ-2106\u201d markal\u0131 avtomobild\u0259 S\u0259nanla birg\u0259 qad\u0131n\u0131n C\u0259lilabad rayonu, Sabirabad k\u0259ndind\u0259 yerl\u0259\u015f\u0259n g\u00f6z\u0259llik salonundan \u00e7\u0131xmas\u0131n\u0131 g\u00f6zl\u0259yib. H\u0259min g\u00fcn saat 13 rad\u0259l\u0259rind\u0259 Z\u0259min\u0259nin salondan \u00e7\u0131x\u0131b ya\u015fad\u0131\u011f\u0131 ev istiqam\u0259tind\u0259 piyada getdiyini g\u00f6r\u00fcb. Bu zaman S\u0259nan Mahirin tap\u015f\u0131r\u0131\u011f\u0131 il\u0259 avtomobili idar\u0259 edib, z\u0259r\u0259r\u00e7\u0259kmi\u015f \u015f\u0259xsin yan\u0131nda saxlay\u0131b. Mahir avtomobild\u0259n d\u00fc\u015f\u00fcb qad\u0131n\u0131n qollar\u0131ndan tutaraq n\u0259qliyyat vasit\u0259sinin salonuna mindirm\u0259k ist\u0259yib. Z\u0259min\u0259 onlar\u0131n niyy\u0259tini ba\u015fa d\u00fc\u015f\u0259r\u0259k qa\u00e7maq ist\u0259y\u0259rk\u0259n y\u0131x\u0131l\u0131b. Bu zaman Mahir z\u0259r\u0259r\u00e7\u0259kmi\u015f \u015f\u0259xsin qollar\u0131ndan tutub, yerd\u0259n qald\u0131rd\u0131qdan sonra onu quca\u011f\u0131na al\u0131b, qollar\u0131n\u0131 s\u0131x\u0131b saxlamaq \u00fcsulu il\u0259 m\u00fcqavim\u0259tini q\u0131r\u0131b. Daha sonra Mahir qad\u0131n\u0131 avtomobil\u0259 mindir\u0259r\u0259k C\u0259lilabad rayonu, G\u00fcn\u0259\u015fli k\u0259ndind\u0259 yerl\u0259\u015f\u0259n \u0259misin\u0259 m\u0259xsus ya\u015fay\u0131\u015f olmayan evinin h\u0259y\u0259tin\u0259 g\u0259tirib. Hadis\u0259d\u0259n sonra Mahir v\u0259 S\u0259nan polis \u0259m\u0259kda\u015flar\u0131 t\u0259r\u0259find\u0259n saxlan\u0131l\u0131b.<\/p>\n\n\n\n<p>Qeyd: Z\u0259min\u0259 Hac\u0131yeva qa\u00e7\u0131r\u0131lan zaman ni\u015fanl\u0131 olub. \/ Pravda.az<\/p>\n","protected":false},"excerpt":{"rendered":"<p>L\u0259nk\u0259ran A\u011f\u0131r Cinay\u0259tl\u0259r M\u0259hk\u0259m\u0259sind\u0259 C\u0259lilabadda adam o\u011furlu\u011funda t\u0259qsirl\u0259ndiril\u0259n Mahir Qarayev v\u0259 onun \u0259misi o\u011flu S\u0259nan Qarayevin (h\u0259ri ikininin ad, soyad\u0131 \u015f\u0259rti) cinay\u0259t i\u015fi \u00fczr\u0259 m\u0259hk\u0259m\u0259 istintaq\u0131 ba\u015fa \u00e7at\u0131b. Hakim Aqil Musayevin s\u0259drliyi il\u0259 ke\u00e7iril\u0259n prosesd\u0259 h\u00f6km oxunub. M\u0259hk\u0259m\u0259nin h\u00f6km\u00fc il\u0259 Mahir Qarayev 10 il v\u0259 S\u0259nan Qarayev is\u0259 9 il 6 ay m\u00fcdd\u0259tin\u0259 azadl\u0131qdan m\u0259hrum &hellip;<\/p>\n","protected":false},"author":1,"featured_media":480,"comment_status":"open","ping_status":"closed","sticky":false,"template":"","format":"standard","meta":{"footnotes":""},"categories":[3],"tags":[],"class_list":["post-479","post","type-post","status-publish","format-standard","has-post-thumbnail","hentry","category-olke"],"_links":{"self":[{"href":"https:\/\/millitv.net\/index.php?rest_route=\/wp\/v2\/posts\/479","targetHints":{"allow":["GET"]}}],"collection":[{"href":"https:\/\/millitv.net\/index.php?rest_route=\/wp\/v2\/posts"}],"about":[{"href":"https:\/\/millitv.net\/index.php?rest_route=\/wp\/v2\/types\/post"}],"author":[{"embeddable":true,"href":"https:\/\/millitv.net\/index.php?rest_route=\/wp\/v2\/users\/1"}],"replies":[{"embeddable":true,"href":"https:\/\/millitv.net\/index.php?rest_route=%2Fwp%2Fv2%2Fcomments&post=479"}],"version-history":[{"count":0,"href":"https:\/\/millitv.net\/index.php?rest_route=\/wp\/v2\/posts\/479\/revisions"}],"wp:featuredmedia":[{"embeddable":true,"href":"https:\/\/millitv.net\/index.php?rest_route=\/wp\/v2\/media\/480"}],"wp:attachment":[{"href":"https:\/\/millitv.net\/index.php?rest_route=%2Fwp%2Fv2%2Fmedia&parent=479"}],"wp:term":[{"taxonomy":"category","embeddable":true,"href":"https:\/\/millitv.net\/index.php?rest_route=%2Fwp%2Fv2%2Fcategories&post=479"},{"taxonomy":"post_tag","embeddable":true,"href":"https:\/\/millitv.net\/index.php?rest_route=%2Fwp%2Fv2%2Ftags&post=479"}],"curies":[{"name":"wp","href":"https:\/\/api.w.org\/{rel}","templated":true}]}}