{"id":4787,"date":"2023-10-25T00:50:38","date_gmt":"2023-10-25T00:50:38","guid":{"rendered":"https:\/\/millinews.az\/xeber\/israil%C9%99-hucumda-t%C9%99kc%C9%99-hemas-istirak-etm%C9%99yib\/"},"modified":"2023-10-25T00:50:38","modified_gmt":"2023-10-25T00:50:38","slug":"israil%C9%99-hucumda-t%C9%99kc%C9%99-hemas-istirak-etm%C9%99yib","status":"publish","type":"post","link":"https:\/\/millitv.net\/?p=4787","title":{"rendered":"\u0130srail\u0259 h\u00fccumda t\u0259kc\u0259 H\u018fMAS i\u015ftirak etm\u0259yib"},"content":{"rendered":"<p><img decoding=\"async\" src=\"https:\/\/Millinews.az\/storage\/2023\/10\/25\/17eaaa4852915bab11d059279907e60c.jpg\" alt=\"\" title=\"\"><\/p>\n<div id=\"mvp-content-main\">\n<p><strong>&#8220;\u0130srail\u0259 h\u00fccumda H\u018fMAS dig\u0259r F\u0259l\u0259stin qruplar\u0131 t\u0259r\u0259find\u0259n d\u0259st\u0259kl\u0259nib&#8221;<\/strong><\/p>\n<p><strong><a target=\"_blank\" href=\"https:\/\/Millinews.az\" rel=\"noopener\">Millinews.az<\/a><\/strong> x\u0259b\u0259r verir ki, bunu Amerikal\u0131 jurnalist Seymur Her\u015f deyib.<\/p>\n<p>&#8220;Oktyabr\u0131n 7-d\u0259 ba\u015f ver\u0259n h\u00fccumdan sonra a\u00e7\u0131q \u015f\u0259kild\u0259 m\u00fczakir\u0259 olunmayan \u0259sas problem odur ki, H\u018fMAS-\u0131n silahl\u0131 qanad\u0131 &#8220;\u0130z\u0259ddin \u0259l-Q\u0259ssam Briqadalar\u0131&#8221; t\u0259k deyildi&#8221;, &#8211; jurnalist deyib.<\/p>\n<\/p><\/div>\n<p><script>\n        (function (d, s, id) {\n            var js, fjs = d.getElementsByTagName(s)[0];\n            if (d.getElementById(id)) return;\n            js = d.createElement(s);\n            js.id = id;\n            js.src = \"\/\/connect.facebook.net\/az_AZ\/sdk.js#xfbml=1&version=v2.7&appId=\";\n            fjs.parentNode.insertBefore(js, fjs);\n        }(document, 'script', 'facebook-jssdk'));\n    <\/script><\/p>\n","protected":false},"excerpt":{"rendered":"<p>&#8220;\u0130srail\u0259 h\u00fccumda H\u018fMAS dig\u0259r F\u0259l\u0259stin qruplar\u0131 t\u0259r\u0259find\u0259n d\u0259st\u0259kl\u0259nib&#8221; Millinews.az x\u0259b\u0259r verir ki, bunu Amerikal\u0131 jurnalist Seymur Her\u015f deyib. &#8220;Oktyabr\u0131n 7-d\u0259 ba\u015f ver\u0259n h\u00fccumdan sonra a\u00e7\u0131q \u015f\u0259kild\u0259 m\u00fczakir\u0259 olunmayan \u0259sas problem odur ki, H\u018fMAS-\u0131n silahl\u0131 qanad\u0131 &#8220;\u0130z\u0259ddin \u0259l-Q\u0259ssam Briqadalar\u0131&#8221; t\u0259k deyildi&#8221;, &#8211; jurnalist deyib.<\/p>\n","protected":false},"author":1,"featured_media":4788,"comment_status":"open","ping_status":"closed","sticky":false,"template":"","format":"standard","meta":{"footnotes":""},"categories":[9],"tags":[],"class_list":["post-4787","post","type-post","status-publish","format-standard","has-post-thumbnail","hentry","category-xeber"],"_links":{"self":[{"href":"https:\/\/millitv.net\/index.php?rest_route=\/wp\/v2\/posts\/4787","targetHints":{"allow":["GET"]}}],"collection":[{"href":"https:\/\/millitv.net\/index.php?rest_route=\/wp\/v2\/posts"}],"about":[{"href":"https:\/\/millitv.net\/index.php?rest_route=\/wp\/v2\/types\/post"}],"author":[{"embeddable":true,"href":"https:\/\/millitv.net\/index.php?rest_route=\/wp\/v2\/users\/1"}],"replies":[{"embeddable":true,"href":"https:\/\/millitv.net\/index.php?rest_route=%2Fwp%2Fv2%2Fcomments&post=4787"}],"version-history":[{"count":0,"href":"https:\/\/millitv.net\/index.php?rest_route=\/wp\/v2\/posts\/4787\/revisions"}],"wp:featuredmedia":[{"embeddable":true,"href":"https:\/\/millitv.net\/index.php?rest_route=\/wp\/v2\/media\/4788"}],"wp:attachment":[{"href":"https:\/\/millitv.net\/index.php?rest_route=%2Fwp%2Fv2%2Fmedia&parent=4787"}],"wp:term":[{"taxonomy":"category","embeddable":true,"href":"https:\/\/millitv.net\/index.php?rest_route=%2Fwp%2Fv2%2Fcategories&post=4787"},{"taxonomy":"post_tag","embeddable":true,"href":"https:\/\/millitv.net\/index.php?rest_route=%2Fwp%2Fv2%2Ftags&post=4787"}],"curies":[{"name":"wp","href":"https:\/\/api.w.org\/{rel}","templated":true}]}}