{"id":4777,"date":"2023-10-24T22:14:07","date_gmt":"2023-10-24T22:14:07","guid":{"rendered":"https:\/\/millinews.az\/xeber\/netanyahu-aciqladi-munaqis%C9%99nin-yeni-m%C9%99rh%C9%99l%C9%99si-yaxinlasib\/"},"modified":"2023-10-24T22:14:07","modified_gmt":"2023-10-24T22:14:07","slug":"netanyahu-aciqladi-munaqis%C9%99nin-yeni-m%C9%99rh%C9%99l%C9%99si-yaxinlasib","status":"publish","type":"post","link":"https:\/\/millitv.net\/?p=4777","title":{"rendered":"Netanyahu A\u00c7IQLADI: &#8220;M\u00fcnaqi\u015f\u0259nin yeni m\u0259rh\u0259l\u0259si yax\u0131nla\u015f\u0131b&#8221;"},"content":{"rendered":"<p><img decoding=\"async\" src=\"https:\/\/Millinews.az\/storage\/2023\/10\/08\/netanyahu.jpg\" alt=\"\" title=\"\"><\/p>\n<div id=\"mvp-content-main\">\n<p><strong>\u0130srailin ba\u015f naziri Benyamin Netanyahu h\u0259rb\u00e7il\u0259rl\u0259 g\u00f6r\u00fc\u015f\u00fcnd\u0259 F\u0259l\u0259stinl\u0259 m\u00fcnaqi\u015f\u0259nin gedi\u015fat\u0131n\u0131 \u015f\u0259rh edib.<\/strong><\/p>\n<p><strong><a target=\"_blank\" href=\"https:\/\/Millinews.az\" rel=\"noopener\">Millinews.az<\/a> <\/strong>x\u0259b\u0259r verir ki, t\u0259dbird\u0259n lent\u0259 al\u0131nan video \u00e7\u0131xar\u0131\u015flar onun &#8220;Telegram&#8221; kanal\u0131nda yay\u0131mlan\u0131b.<\/p>\n<p>Netanyahu \u0130srail v\u0259 F\u0259l\u0259stin aras\u0131nda m\u00fcnaqi\u015f\u0259nin n\u00f6vb\u0259ti m\u0259rh\u0259l\u0259sinin yax\u0131nla\u015fd\u0131\u011f\u0131n\u0131 a\u00e7\u0131qlay\u0131b. Bunun tezlikl\u0259 g\u0259l\u0259c\u0259yini vur\u011fulay\u0131b.<\/p>\n<p>Ba\u015f nazir daha \u0259vv\u0259l Livana &#8220;Hizbullah\u0131n&#8221; aktivl\u0259\u015fm\u0259sinin da\u011f\u0131d\u0131c\u0131 n\u0259tic\u0259l\u0259ri bar\u0259d\u0259 x\u0259b\u0259rdarl\u0131q etmi\u015fdi:<\/p>\n<p>&#8220;T\u0259s\u0259vv\u00fcr etm\u0259k m\u00fcmk\u00fcn olmayan miqyasda z\u0259r\u0259r ver\u0259c\u0259yik v\u0259 bu, Livan \u00fc\u00e7\u00fcn da\u011f\u0131d\u0131c\u0131 olacaq&#8221;.<\/p>\n<p><strong>H\u00fcseyn \u0130badl\u0131<\/strong><\/p>\n<\/p><\/div>\n<p><script>\n        (function (d, s, id) {\n            var js, fjs = d.getElementsByTagName(s)[0];\n            if (d.getElementById(id)) return;\n            js = d.createElement(s);\n            js.id = id;\n            js.src = \"\/\/connect.facebook.net\/az_AZ\/sdk.js#xfbml=1&version=v2.7&appId=\";\n            fjs.parentNode.insertBefore(js, fjs);\n        }(document, 'script', 'facebook-jssdk'));\n    <\/script><\/p>\n","protected":false},"excerpt":{"rendered":"<p>\u0130srailin ba\u015f naziri Benyamin Netanyahu h\u0259rb\u00e7il\u0259rl\u0259 g\u00f6r\u00fc\u015f\u00fcnd\u0259 F\u0259l\u0259stinl\u0259 m\u00fcnaqi\u015f\u0259nin gedi\u015fat\u0131n\u0131 \u015f\u0259rh edib. Millinews.az x\u0259b\u0259r verir ki, t\u0259dbird\u0259n lent\u0259 al\u0131nan video \u00e7\u0131xar\u0131\u015flar onun &#8220;Telegram&#8221; kanal\u0131nda yay\u0131mlan\u0131b. Netanyahu \u0130srail v\u0259 F\u0259l\u0259stin aras\u0131nda m\u00fcnaqi\u015f\u0259nin n\u00f6vb\u0259ti m\u0259rh\u0259l\u0259sinin yax\u0131nla\u015fd\u0131\u011f\u0131n\u0131 a\u00e7\u0131qlay\u0131b. Bunun tezlikl\u0259 g\u0259l\u0259c\u0259yini vur\u011fulay\u0131b. Ba\u015f nazir daha \u0259vv\u0259l Livana &#8220;Hizbullah\u0131n&#8221; aktivl\u0259\u015fm\u0259sinin da\u011f\u0131d\u0131c\u0131 n\u0259tic\u0259l\u0259ri bar\u0259d\u0259 x\u0259b\u0259rdarl\u0131q etmi\u015fdi: &#8220;T\u0259s\u0259vv\u00fcr etm\u0259k m\u00fcmk\u00fcn olmayan &hellip;<\/p>\n","protected":false},"author":1,"featured_media":4778,"comment_status":"open","ping_status":"closed","sticky":false,"template":"","format":"standard","meta":{"footnotes":""},"categories":[9],"tags":[],"class_list":["post-4777","post","type-post","status-publish","format-standard","has-post-thumbnail","hentry","category-xeber"],"_links":{"self":[{"href":"https:\/\/millitv.net\/index.php?rest_route=\/wp\/v2\/posts\/4777","targetHints":{"allow":["GET"]}}],"collection":[{"href":"https:\/\/millitv.net\/index.php?rest_route=\/wp\/v2\/posts"}],"about":[{"href":"https:\/\/millitv.net\/index.php?rest_route=\/wp\/v2\/types\/post"}],"author":[{"embeddable":true,"href":"https:\/\/millitv.net\/index.php?rest_route=\/wp\/v2\/users\/1"}],"replies":[{"embeddable":true,"href":"https:\/\/millitv.net\/index.php?rest_route=%2Fwp%2Fv2%2Fcomments&post=4777"}],"version-history":[{"count":0,"href":"https:\/\/millitv.net\/index.php?rest_route=\/wp\/v2\/posts\/4777\/revisions"}],"wp:featuredmedia":[{"embeddable":true,"href":"https:\/\/millitv.net\/index.php?rest_route=\/wp\/v2\/media\/4778"}],"wp:attachment":[{"href":"https:\/\/millitv.net\/index.php?rest_route=%2Fwp%2Fv2%2Fmedia&parent=4777"}],"wp:term":[{"taxonomy":"category","embeddable":true,"href":"https:\/\/millitv.net\/index.php?rest_route=%2Fwp%2Fv2%2Fcategories&post=4777"},{"taxonomy":"post_tag","embeddable":true,"href":"https:\/\/millitv.net\/index.php?rest_route=%2Fwp%2Fv2%2Ftags&post=4777"}],"curies":[{"name":"wp","href":"https:\/\/api.w.org\/{rel}","templated":true}]}}