{"id":4775,"date":"2023-10-24T21:50:04","date_gmt":"2023-10-24T21:50:04","guid":{"rendered":"https:\/\/millinews.az\/xeber\/kamran-eliyev-erdogana-tarixi-r%C9%99sm-%C9%99s%C9%99ri-t%C9%99qdim-etdi\/"},"modified":"2023-10-24T21:50:04","modified_gmt":"2023-10-24T21:50:04","slug":"kamran-eliyev-erdogana-tarixi-r%C9%99sm-%C9%99s%C9%99ri-t%C9%99qdim-etdi","status":"publish","type":"post","link":"https:\/\/millitv.net\/?p=4775","title":{"rendered":"Kamran \u018fliyev \u018frdo\u011fana tarixi r\u0259sm \u0259s\u0259ri t\u0259qdim etdi"},"content":{"rendered":"<p><img decoding=\"async\" src=\"https:\/\/Millinews.az\/storage\/2023\/10\/24\/cvbm.jpg\" alt=\"\" title=\"\"><\/p>\n<div id=\"mvp-content-main\">\n<p><strong>Az\u0259rbaycan\u0131n Ba\u015f prokuroru Kamran \u018fliyevin r\u0259hb\u0259rlik etdiyi n\u00fcmay\u0259nd\u0259 hey\u0259tinin Ankaraya i\u015fg\u00fczar s\u0259f\u0259ri ba\u015fa \u00e7at\u0131b.<\/strong><\/p>\n<p><strong><a target=\"_blank\" href=\"https:\/\/Millinews.az\" rel=\"noopener\">Millinews.az<\/a><\/strong> x\u0259b\u0259r verir ki, n\u00fcmay\u0259nd\u0259 hey\u0259ti T\u00fcrk D\u00f6vl\u0259tl\u0259ri T\u0259\u015fkilat\u0131na (TDT) \u00fczv d\u00f6vl\u0259tl\u0259rin Ba\u015f Prokurorlar\u0131 \u015euras\u0131n\u0131n 2-ci iclas\u0131nda i\u015ftirak etm\u0259k m\u0259qs\u0259dil\u0259 Ankara \u015f\u0259h\u0259rin\u0259 i\u015fg\u00fczar s\u0259f\u0259rd\u0259 olub.<\/p>\n<p>S\u0259f\u0259r zaman\u0131 n\u00fcmay\u0259nd\u0259 hey\u0259ti t\u0259r\u0259find\u0259n Ankarada xalq\u0131m\u0131z\u0131n \u00fcmummilli lideri Heyd\u0259r \u018fliyevin ad\u0131n\u0131 da\u015f\u0131yan park ziyar\u0259t edilib, abid\u0259si \u00f6n\u00fcn\u0259 \u0259klil qoyularaq \u0259ziz xatir\u0259si ehtiramla yad olunub.<\/p>\n<p>Ba\u015f prokuror TDT A\u011fsaqqallar \u015euras\u0131n\u0131n s\u0259dri Bin\u0259li Y\u0131ld\u0131r\u0131mla g\u00f6r\u00fc\u015f\u00fcb. Y\u0131ld\u0131r\u0131m \u00f6lk\u0259mizin \u0259razi b\u00fct\u00f6vl\u00fcy\u00fcn\u00fcn b\u0259rpa olunmas\u0131 m\u00fcnasib\u0259til\u0259 t\u0259brikl\u0259rini \u00e7atd\u0131r\u0131b, h\u0259r iki \u00f6lk\u0259nin liderl\u0259rinin r\u0259hb\u0259rliyi alt\u0131nda \u00f6lk\u0259l\u0259rimiz v\u0259 xalqlar\u0131m\u0131z aras\u0131nda \u0259laq\u0259l\u0259rin \u0259n y\u00fcks\u0259k s\u0259viyy\u0259d\u0259 oldu\u011funu bildirib.<\/p>\n<p>Kamran \u018fliyev M\u00fcz\u0259ff\u0259r Ali Ba\u015f Komandan c\u0259nab \u0130lham \u018fliyevin r\u0259hb\u0259rliyi alt\u0131nda 44 g\u00fcnl\u00fck V\u0259t\u0259n m\u00fcharib\u0259si v\u0259 ondan sonrak\u0131 prosesl\u0259rd\u0259 T\u00fcrkiy\u0259 d\u00f6vl\u0259tinin v\u0259 xalq\u0131n\u0131n siyasi v\u0259 m\u0259n\u0259vi d\u0259st\u0259yin\u0259 g\u00f6r\u0259 t\u0259\u015f\u0259kk\u00fcr\u00fcn\u00fc ifad\u0259 edib. 2021-ci ild\u0259 Bak\u0131da t\u0259sis olunmu\u015f TDT-nin Ba\u015f Prokurorlar \u015euras\u0131n\u0131n h\u00fcquqi \u0259m\u0259kda\u015fl\u0131\u011f\u0131m\u0131z\u0131n geni\u015fl\u0259ndirilm\u0259si \u00fc\u00e7\u00fcn s\u0259m\u0259r\u0259li platforma oldu\u011fu vur\u011fulan\u0131b.<\/p>\n<p>Ba\u015f prokuror T\u00fcrkiy\u0259nin \u0259dliyy\u0259 naziri, Hakiml\u0259r v\u0259 Prokurorlar \u015euras\u0131n\u0131n s\u0259dri Y\u0131lmaz Tun\u00e7la g\u00f6r\u00fc\u015f\u00fcb. Kamran \u018fliyev h\u0259mkar\u0131n\u0131 bu ilin iyun ay\u0131nda v\u0259zif\u0259y\u0259 t\u0259yin olunmas\u0131 m\u00fcnasib\u0259til\u0259 t\u0259brik edib, f\u0259aliyy\u0259tind\u0259 u\u011furlar dil\u0259yib. G\u00f6r\u00fc\u015fd\u0259 h\u00fcquqi \u0259m\u0259kda\u015fl\u0131q, o c\u00fcml\u0259d\u0259n istintaq sor\u011fular\u0131n\u0131n icras\u0131 v\u0259 cinay\u0259t t\u00f6r\u0259tmi\u015f \u015f\u0259xsl\u0259rin verilm\u0259si m\u0259s\u0259l\u0259l\u0259ri m\u00fczakir\u0259 edilib.<\/p>\n<p>G\u00f6r\u00fc\u015fl\u0259rd\u0259 \u00f6lk\u0259mizin T\u00fcrkiy\u0259d\u0259ki f\u00f6vq\u0259lad\u0259 v\u0259 s\u0259lahiyy\u0259tli s\u0259firi R\u0259\u015fad M\u0259mm\u0259dov i\u015ftirak edib.<\/p>\n<p>T\u00fcrkiy\u0259nin Ba\u015f prokuroru B\u0259kir \u015eahinl\u0259 ke\u00e7irilmi\u015f g\u00f6r\u00fc\u015fd\u0259 \u0259n\u0259n\u0259vi dostluq v\u0259 \u0259m\u0259kda\u015fl\u0131q \u0259laq\u0259l\u0259rinin bundan sonra da inki\u015faf etdiril\u0259c\u0259yin\u0259 \u0259minlik ifad\u0259 olunub. Beyn\u0259lxalq platformalarda birg\u0259 f\u0259aliyy\u0259tin \u00f6n\u0259mi qeyd edil\u0259r\u0259k, yax\u0131n g\u0259l\u0259c\u0259kd\u0259 \u0130slam \u018fm\u0259kda\u015fl\u0131q T\u0259\u015fkilat\u0131 \u00e7\u0259r\u00e7iv\u0259sind\u0259 Ba\u015f Prokurorlar \u015euras\u0131n\u0131n t\u0259sis edilm\u0259si m\u00fczakir\u0259 edilib.<\/p>\n<p>Ali M\u0259hk\u0259m\u0259sinin s\u0259dri Mehmet Akarca il\u0259 ke\u00e7irilmi\u015f g\u00f6r\u00fc\u015fd\u0259 TDT Ba\u015f Prokurorlar\u0131 \u015euras\u0131 il\u0259 yana\u015f\u0131 bir ne\u00e7\u0259 g\u00fcn \u00f6nc\u0259 \u015eu\u015fada T\u00fcrk D\u00f6vl\u0259tl\u0259ri Ali M\u0259hk\u0259m\u0259l\u0259ri Konfrans\u0131n\u0131n t\u0259sis edilm\u0259si y\u00fcks\u0259k qiym\u0259tl\u0259ndirilib.<\/p>\n<p>Kamran \u018fliyev t\u0259dbird\u0259 i\u015ftirak ed\u0259n TDT-nin Ba\u015f Katibi Kubani\u00e7bek \u00d6m\u00fcral\u0131yev, \u00d6zb\u0259kistan, Qazax\u0131stan, Q\u0131r\u011f\u0131z\u0131stan v\u0259 \u015eimali Kipr T\u00fcrk Respublikas\u0131n\u0131n ba\u015f prokurorlar\u0131 il\u0259 g\u00f6r\u00fc\u015fl\u0259r ke\u00e7ir\u0259r\u0259k g\u0259l\u0259c\u0259k \u0259m\u0259kda\u015fl\u0131q perspektivl\u0259ri bar\u0259d\u0259 fikir m\u00fcbadil\u0259si apar\u0131b.<\/p>\n<p>Sonda t\u00fcrk d\u00f6vl\u0259tl\u0259rinin ba\u015f prokurorlar\u0131 T\u00fcrkiy\u0259 Prezidenti R\u0259c\u0259b Tayyib \u018frdo\u011fan t\u0259r\u0259find\u0259n q\u0259bul edilibl\u0259r.<\/p>\n<\/p><\/div>\n<p><script>\n        (function (d, s, id) {\n            var js, fjs = d.getElementsByTagName(s)[0];\n            if (d.getElementById(id)) return;\n            js = d.createElement(s);\n            js.id = id;\n            js.src = \"\/\/connect.facebook.net\/az_AZ\/sdk.js#xfbml=1&version=v2.7&appId=\";\n            fjs.parentNode.insertBefore(js, fjs);\n        }(document, 'script', 'facebook-jssdk'));\n    <\/script><\/p>\n","protected":false},"excerpt":{"rendered":"<p>Az\u0259rbaycan\u0131n Ba\u015f prokuroru Kamran \u018fliyevin r\u0259hb\u0259rlik etdiyi n\u00fcmay\u0259nd\u0259 hey\u0259tinin Ankaraya i\u015fg\u00fczar s\u0259f\u0259ri ba\u015fa \u00e7at\u0131b. Millinews.az x\u0259b\u0259r verir ki, n\u00fcmay\u0259nd\u0259 hey\u0259ti T\u00fcrk D\u00f6vl\u0259tl\u0259ri T\u0259\u015fkilat\u0131na (TDT) \u00fczv d\u00f6vl\u0259tl\u0259rin Ba\u015f Prokurorlar\u0131 \u015euras\u0131n\u0131n 2-ci iclas\u0131nda i\u015ftirak etm\u0259k m\u0259qs\u0259dil\u0259 Ankara \u015f\u0259h\u0259rin\u0259 i\u015fg\u00fczar s\u0259f\u0259rd\u0259 olub. S\u0259f\u0259r zaman\u0131 n\u00fcmay\u0259nd\u0259 hey\u0259ti t\u0259r\u0259find\u0259n Ankarada xalq\u0131m\u0131z\u0131n \u00fcmummilli lideri Heyd\u0259r \u018fliyevin ad\u0131n\u0131 da\u015f\u0131yan park ziyar\u0259t edilib, &hellip;<\/p>\n","protected":false},"author":1,"featured_media":4776,"comment_status":"open","ping_status":"closed","sticky":false,"template":"","format":"standard","meta":{"footnotes":""},"categories":[9],"tags":[],"class_list":["post-4775","post","type-post","status-publish","format-standard","has-post-thumbnail","hentry","category-xeber"],"_links":{"self":[{"href":"https:\/\/millitv.net\/index.php?rest_route=\/wp\/v2\/posts\/4775","targetHints":{"allow":["GET"]}}],"collection":[{"href":"https:\/\/millitv.net\/index.php?rest_route=\/wp\/v2\/posts"}],"about":[{"href":"https:\/\/millitv.net\/index.php?rest_route=\/wp\/v2\/types\/post"}],"author":[{"embeddable":true,"href":"https:\/\/millitv.net\/index.php?rest_route=\/wp\/v2\/users\/1"}],"replies":[{"embeddable":true,"href":"https:\/\/millitv.net\/index.php?rest_route=%2Fwp%2Fv2%2Fcomments&post=4775"}],"version-history":[{"count":0,"href":"https:\/\/millitv.net\/index.php?rest_route=\/wp\/v2\/posts\/4775\/revisions"}],"wp:featuredmedia":[{"embeddable":true,"href":"https:\/\/millitv.net\/index.php?rest_route=\/wp\/v2\/media\/4776"}],"wp:attachment":[{"href":"https:\/\/millitv.net\/index.php?rest_route=%2Fwp%2Fv2%2Fmedia&parent=4775"}],"wp:term":[{"taxonomy":"category","embeddable":true,"href":"https:\/\/millitv.net\/index.php?rest_route=%2Fwp%2Fv2%2Fcategories&post=4775"},{"taxonomy":"post_tag","embeddable":true,"href":"https:\/\/millitv.net\/index.php?rest_route=%2Fwp%2Fv2%2Ftags&post=4775"}],"curies":[{"name":"wp","href":"https:\/\/api.w.org\/{rel}","templated":true}]}}