{"id":4765,"date":"2023-10-24T20:41:05","date_gmt":"2023-10-24T20:41:05","guid":{"rendered":"https:\/\/millinews.az\/xeber\/usaqlara-seva-cana-ayluska-kimi-adlar-qoyulur\/"},"modified":"2023-10-24T20:41:05","modified_gmt":"2023-10-24T20:41:05","slug":"usaqlara-seva-cana-ayluska-kimi-adlar-qoyulur","status":"publish","type":"post","link":"https:\/\/millitv.net\/?p=4765","title":{"rendered":"U\u015faqlara &#8220;Seva&#8221;, &#8220;Cana&#8221;, &#8220;Aylu\u015fka&#8221; kimi adlar qoyulur"},"content":{"rendered":"<div id=\"maincontent\">&#13;<br \/>\n        &#13;<\/p>\n<p><strong>Son d\u00f6vrl\u0259r qeydiyyat idar\u0259l\u0259rin\u0259 u\u015faqlara q\u0259rib\u0259 v\u0259 m\u0259nas\u0131z adlar\u0131n qoyulmas\u0131 il\u0259 ba\u011fl\u0131 m\u00fcraci\u0259tl\u0259r olunur.&#13;<br \/>\n<\/strong><\/p>\n<p><a href=\"https:\/\/Millinews.az\" target=\"_blank\" class=\"kw-link\" rel=\"noopener\">Millinews.az<\/a> x\u0259b\u0259r verir ki, bunu N\u0259simi ad\u0131na Dil\u00e7ilik \u0130nstitutunun icra\u00e7\u0131 direktoru Baba M\u0259h\u0259rr\u0259mli &#8220;X\u0259z\u0259r X\u0259b\u0259r&#8221;\u0259 m\u00fcsahib\u0259sind\u0259 deyib. Onun s\u00f6zl\u0259rin\u0259 g\u00f6r\u0259, valideynl\u0259rin b\u0259zil\u0259ri h\u0259l\u0259 d\u0259 bu m\u0259s\u0259l\u0259y\u0259 etinas\u0131z yana\u015f\u0131r.&#13;<br \/>\n &#13;\n<\/p>\n<p>Xezerxeber.az-\u0131n m\u0259lumat\u0131na g\u00f6r\u0259, onlar u\u015faqlar\u0131na Viva, Vera, Azka, Coni kimi adlar\u0131n verilm\u0259si \u00fc\u00e7\u00fcn m\u00fcraci\u0259tl\u0259r edirl\u0259r.&#13;\n<\/p>\n<p>H\u0259m\u00e7inin b\u0259z\u0259n b\u00f6y\u00fckl\u0259r u\u015faqlara \u0259zizl\u0259m\u0259 ifad\u0259 ed\u0259n &#8220;Seva&#8221;, &#8220;Cana&#8221;, &#8220;Aylu\u015fka&#8221; kimi adlar\u0131 qoyurlar. B\u0259z\u0259n is\u0259 \u00fcmumiyy\u0259tl\u0259 ad\u0131n dild\u0259 q\u0259bul olunan yaz\u0131l\u0131\u015f\u0131n\u0131 d\u0259yi\u015fm\u0259y\u0259 \u00e7al\u0131\u015f\u0131rlar.&#13;\n<\/p>\n<p>Dil\u00e7i alim bildirib ki, u\u015faqlara m\u00fcr\u0259kk\u0259b adlar\u0131n qoyulmas\u0131 t\u00f6vsiy\u0259 olunmur. Qoyulan adlar\u0131n milli m\u0259nsubiyy\u0259ti olmal\u0131d\u0131r.&#13;\n<\/p>\n<p>Baba M\u0259h\u0259rr\u0259mlinin s\u00f6zl\u0259rin\u0259 g\u00f6r\u0259, son ill\u0259r u\u015faqlara tan\u0131nm\u0131\u015f din xadiml\u0259rinin adlar\u0131n\u0131n verilm\u0259si \u00fc\u00e7\u00fcn \u00e7ox sayda m\u00fcraci\u0259tl\u0259r edilir.&#13;\n<\/p>\n<p>Dil\u00e7i alimin t\u00f6vsiy\u0259sin\u0259 g\u00f6r\u0259, u\u015faq \u00fc\u00e7\u00fcn el\u0259 ad se\u00e7ilm\u0259lidir ki, h\u0259m m\u0259na ifad\u0259 etsin, h\u0259m d\u0259 o ya\u015fa dolduqca da\u015f\u0131d\u0131\u011f\u0131 addan utanmas\u0131n.&#13;\n<\/p>\n<p>Daha \u0259trafl\u0131 videoda:&#13;\n<\/p>\n<p><iframe loading=\"lazy\" title=\"U\u015faqlara m\u0259nas\u0131 olmayan adlar qoyulur\" width=\"500\" height=\"281\" src=\"https:\/\/www.youtube.com\/embed\/fBBxKvSBMmQ?feature=oembed\" frameborder=\"0\" allow=\"accelerometer; autoplay; clipboard-write; encrypted-media; gyroscope; picture-in-picture; web-share\" referrerpolicy=\"strict-origin-when-cross-origin\" allowfullscreen><\/iframe><br \/>&#13;<br \/>\n        &#13;<br \/>\n&#13;<br \/>\n        &#13;<br \/>\n&#13;\n        <\/p>\n<p><noscript><\/p>\n<p>You must enable Javascript on your browser for the site to work optimally and display sections completely.<\/p>\n<p><\/noscript>\t\t&#13;<br \/>\n\t\t&#13;\n    <\/div>\n<p><script type=\"text\/javascript\">jQuery(document).ready(function () {\n(function(d, s, id) {\n    var js, fjs = d.getElementsByTagName(s)[0];\n    if (d.getElementById(id))\n        return;\n    js = d.createElement(s);\n    js.id = id;\n    js.src = \"\/\/connect.facebook.net\/az_AZ\/all.js#xfbml=1&appId=1002485763137712\";\n    fjs.parentNode.insertBefore(js, fjs);\n}(document, 'script', 'facebook-jssdk'));                \n});<\/script><\/p>\n","protected":false},"excerpt":{"rendered":"<p>&#13; &#13; Son d\u00f6vrl\u0259r qeydiyyat idar\u0259l\u0259rin\u0259 u\u015faqlara q\u0259rib\u0259 v\u0259 m\u0259nas\u0131z adlar\u0131n qoyulmas\u0131 il\u0259 ba\u011fl\u0131 m\u00fcraci\u0259tl\u0259r olunur.&#13; Millinews.az x\u0259b\u0259r verir ki, bunu N\u0259simi ad\u0131na Dil\u00e7ilik \u0130nstitutunun icra\u00e7\u0131 direktoru Baba M\u0259h\u0259rr\u0259mli &#8220;X\u0259z\u0259r X\u0259b\u0259r&#8221;\u0259 m\u00fcsahib\u0259sind\u0259 deyib. Onun s\u00f6zl\u0259rin\u0259 g\u00f6r\u0259, valideynl\u0259rin b\u0259zil\u0259ri h\u0259l\u0259 d\u0259 bu m\u0259s\u0259l\u0259y\u0259 etinas\u0131z yana\u015f\u0131r.&#13; &#13; Xezerxeber.az-\u0131n m\u0259lumat\u0131na g\u00f6r\u0259, onlar u\u015faqlar\u0131na Viva, Vera, Azka, Coni kimi &hellip;<\/p>\n","protected":false},"author":1,"featured_media":4766,"comment_status":"open","ping_status":"closed","sticky":false,"template":"","format":"standard","meta":{"footnotes":""},"categories":[9],"tags":[],"class_list":["post-4765","post","type-post","status-publish","format-standard","has-post-thumbnail","hentry","category-xeber"],"_links":{"self":[{"href":"https:\/\/millitv.net\/index.php?rest_route=\/wp\/v2\/posts\/4765","targetHints":{"allow":["GET"]}}],"collection":[{"href":"https:\/\/millitv.net\/index.php?rest_route=\/wp\/v2\/posts"}],"about":[{"href":"https:\/\/millitv.net\/index.php?rest_route=\/wp\/v2\/types\/post"}],"author":[{"embeddable":true,"href":"https:\/\/millitv.net\/index.php?rest_route=\/wp\/v2\/users\/1"}],"replies":[{"embeddable":true,"href":"https:\/\/millitv.net\/index.php?rest_route=%2Fwp%2Fv2%2Fcomments&post=4765"}],"version-history":[{"count":0,"href":"https:\/\/millitv.net\/index.php?rest_route=\/wp\/v2\/posts\/4765\/revisions"}],"wp:featuredmedia":[{"embeddable":true,"href":"https:\/\/millitv.net\/index.php?rest_route=\/wp\/v2\/media\/4766"}],"wp:attachment":[{"href":"https:\/\/millitv.net\/index.php?rest_route=%2Fwp%2Fv2%2Fmedia&parent=4765"}],"wp:term":[{"taxonomy":"category","embeddable":true,"href":"https:\/\/millitv.net\/index.php?rest_route=%2Fwp%2Fv2%2Fcategories&post=4765"},{"taxonomy":"post_tag","embeddable":true,"href":"https:\/\/millitv.net\/index.php?rest_route=%2Fwp%2Fv2%2Ftags&post=4765"}],"curies":[{"name":"wp","href":"https:\/\/api.w.org\/{rel}","templated":true}]}}