{"id":4751,"date":"2023-10-24T19:35:25","date_gmt":"2023-10-24T19:35:25","guid":{"rendered":"https:\/\/millinews.az\/xeber\/kadirov-cecenistanda-yeni-batalyon-yaratdi\/"},"modified":"2023-10-24T19:35:25","modified_gmt":"2023-10-24T19:35:25","slug":"kadirov-cecenistanda-yeni-batalyon-yaratdi","status":"publish","type":"post","link":"https:\/\/millitv.net\/?p=4751","title":{"rendered":"Kad\u0131rov \u00c7e\u00e7enistanda yeni batalyon yaratd\u0131"},"content":{"rendered":"<p><img decoding=\"async\" src=\"https:\/\/Millinews.az\/storage\/2020\/07\/27\/kadirov-ramzan.jpg\" alt=\"\" title=\"\"><\/p>\n<div id=\"mvp-content-main\">\n<p><strong>&#8220;\u00c7e\u00e7enistan Qafqaz\u0131n birinci imam\u0131 \u015eeyx M\u0259nsurun ad\u0131n\u0131 da\u015f\u0131yacaq yeni batalyonun formala\u015fd\u0131r\u0131lmas\u0131n\u0131 ba\u015fa \u00e7atd\u0131r\u0131r&#8221;.<\/strong><\/p>\n<p><strong><a target=\"_blank\" href=\"https:\/\/Millinews.az\" rel=\"noopener\">Millinews.az<\/a> <\/strong>x\u0259b\u0259r verir ki, bunu \u00f6lk\u0259 r\u0259hb\u0259ri Ramzan Kad\u0131rov \u00f6z\u00fcn\u00fcn &#8220;Telegram&#8221; kanal\u0131nda bildirib.<\/p>\n<p>Onun s\u00f6zl\u0259rin\u0259 g\u00f6r\u0259, o, b\u00f6l\u00fck komandiri Ruslan Geremeyevl\u0259 birlikd\u0259 Qudermes \u015f\u0259h\u0259rind\u0259 batalyon \u015f\u0259xsi hey\u0259tinin yerl\u0259\u015fdirilm\u0259si \u00fc\u00e7\u00fcn h\u0259rbi obyektin tikintisin\u0259 v\u0259 yenid\u0259nqurma i\u015fl\u0259ri apar\u0131lan tikinti sah\u0259sin\u0259 ba\u015f \u00e7\u0259kib. O, qeyd edib ki, i\u015fl\u0259r son m\u0259rh\u0259l\u0259d\u0259dir.<\/p>\n<p>&#8220;M\u00fcmk\u00fcn olan q\u0131sa m\u00fcdd\u0259td\u0259 m\u00fct\u0259x\u0259ssisl\u0259r d\u00f6rd kazarmada geni\u015fmiqyasl\u0131 yenid\u0259nqurma i\u015fl\u0259ri apar\u0131b, daha ikisini tikibl\u0259r. B\u00fct\u00fcn m\u00fch\u0259ndis kommunikasiyalar\u0131 d\u0259yi\u015fdirilib, laz\u0131mi mebell\u0259r g\u0259tirilib&#8221;, &#8211; Kad\u0131rov yaz\u0131b.<\/p>\n<p>O, h\u0259m\u00e7inin bildirib ki, h\u0259rb\u00e7il\u0259r \u00fc\u00e7\u00fcn parad meydan\u00e7as\u0131 t\u0259chiz edilib. Bundan \u0259lav\u0259, 100 yerlik yem\u0259kxana, avtomobil dayanaca\u011f\u0131, namaz ota\u011f\u0131 v\u0259 s. tikilib.<\/p>\n<p>O \u0259lav\u0259 edib ki, bu, d\u00f6y\u00fc\u015f hiss\u0259l\u0259ri formala\u015fd\u0131rark\u0259n \u0259sas v\u0259zif\u0259dir.<\/p>\n<p><strong>H\u00fcseyn \u0130badl\u0131\u2800<\/strong><\/p>\n<\/p><\/div>\n<p><script>\n        (function (d, s, id) {\n            var js, fjs = d.getElementsByTagName(s)[0];\n            if (d.getElementById(id)) return;\n            js = d.createElement(s);\n            js.id = id;\n            js.src = \"\/\/connect.facebook.net\/az_AZ\/sdk.js#xfbml=1&version=v2.7&appId=\";\n            fjs.parentNode.insertBefore(js, fjs);\n        }(document, 'script', 'facebook-jssdk'));\n    <\/script><\/p>\n","protected":false},"excerpt":{"rendered":"<p>&#8220;\u00c7e\u00e7enistan Qafqaz\u0131n birinci imam\u0131 \u015eeyx M\u0259nsurun ad\u0131n\u0131 da\u015f\u0131yacaq yeni batalyonun formala\u015fd\u0131r\u0131lmas\u0131n\u0131 ba\u015fa \u00e7atd\u0131r\u0131r&#8221;. Millinews.az x\u0259b\u0259r verir ki, bunu \u00f6lk\u0259 r\u0259hb\u0259ri Ramzan Kad\u0131rov \u00f6z\u00fcn\u00fcn &#8220;Telegram&#8221; kanal\u0131nda bildirib. Onun s\u00f6zl\u0259rin\u0259 g\u00f6r\u0259, o, b\u00f6l\u00fck komandiri Ruslan Geremeyevl\u0259 birlikd\u0259 Qudermes \u015f\u0259h\u0259rind\u0259 batalyon \u015f\u0259xsi hey\u0259tinin yerl\u0259\u015fdirilm\u0259si \u00fc\u00e7\u00fcn h\u0259rbi obyektin tikintisin\u0259 v\u0259 yenid\u0259nqurma i\u015fl\u0259ri apar\u0131lan tikinti sah\u0259sin\u0259 ba\u015f \u00e7\u0259kib. O, qeyd &hellip;<\/p>\n","protected":false},"author":1,"featured_media":4752,"comment_status":"open","ping_status":"closed","sticky":false,"template":"","format":"standard","meta":{"footnotes":""},"categories":[9],"tags":[],"class_list":["post-4751","post","type-post","status-publish","format-standard","has-post-thumbnail","hentry","category-xeber"],"_links":{"self":[{"href":"https:\/\/millitv.net\/index.php?rest_route=\/wp\/v2\/posts\/4751","targetHints":{"allow":["GET"]}}],"collection":[{"href":"https:\/\/millitv.net\/index.php?rest_route=\/wp\/v2\/posts"}],"about":[{"href":"https:\/\/millitv.net\/index.php?rest_route=\/wp\/v2\/types\/post"}],"author":[{"embeddable":true,"href":"https:\/\/millitv.net\/index.php?rest_route=\/wp\/v2\/users\/1"}],"replies":[{"embeddable":true,"href":"https:\/\/millitv.net\/index.php?rest_route=%2Fwp%2Fv2%2Fcomments&post=4751"}],"version-history":[{"count":0,"href":"https:\/\/millitv.net\/index.php?rest_route=\/wp\/v2\/posts\/4751\/revisions"}],"wp:featuredmedia":[{"embeddable":true,"href":"https:\/\/millitv.net\/index.php?rest_route=\/wp\/v2\/media\/4752"}],"wp:attachment":[{"href":"https:\/\/millitv.net\/index.php?rest_route=%2Fwp%2Fv2%2Fmedia&parent=4751"}],"wp:term":[{"taxonomy":"category","embeddable":true,"href":"https:\/\/millitv.net\/index.php?rest_route=%2Fwp%2Fv2%2Fcategories&post=4751"},{"taxonomy":"post_tag","embeddable":true,"href":"https:\/\/millitv.net\/index.php?rest_route=%2Fwp%2Fv2%2Ftags&post=4751"}],"curies":[{"name":"wp","href":"https:\/\/api.w.org\/{rel}","templated":true}]}}