{"id":4716,"date":"2023-10-24T17:21:36","date_gmt":"2023-10-24T17:21:36","guid":{"rendered":"https:\/\/millinews.az\/xeber\/qarabag-almaniyaya-yollandi-foto\/"},"modified":"2023-10-24T17:21:36","modified_gmt":"2023-10-24T17:21:36","slug":"qarabag-almaniyaya-yollandi-foto","status":"publish","type":"post","link":"https:\/\/millitv.net\/?p=4716","title":{"rendered":"\u201cQaraba\u011f\u201d Almaniyaya yolland\u0131 &#8211; FOTO"},"content":{"rendered":"<p><img decoding=\"async\" src=\"https:\/\/Millinews.az\/storage\/2023\/08\/24\/qarabag-cl-780x470.jpg\" alt=\"\" title=\"\"><\/p>\n<div id=\"mvp-content-main\">\n<p><strong>A\u011fdam\u0131n \u201cQaraba\u011f\u201d futbol klubu UEFA Avropa Liqas\u0131n\u0131n qrup m\u0259rh\u0259l\u0259sinin III turunda Leverkuzen \u201cBayer\u201di il\u0259 qar\u015f\u0131la\u015fma \u00fc\u00e7\u00fcn Almaniyaya yola d\u00fc\u015f\u00fcb.<\/strong><\/p>\n<p><strong><a target=\"_blank\" href=\"https:\/\/Millinews.az\" rel=\"noopener\">Millinews.az<\/a> <\/strong>x\u0259b\u0259r verir ki, bununla ba\u011fl\u0131 klubun r\u0259smi \u201cFacebook\u201d hesab\u0131nda m\u0259lumat payla\u015f\u0131l\u0131b.<\/p>\n<p>Qeyd ed\u0259k ki, mat\u00e7dan bir g\u00fcn \u0259vv\u0259l, yerli vaxtla 18:00-da ba\u015f m\u0259\u015fq\u00e7i Qurban Qurbanovun m\u0259tbuat konfrans\u0131, 19:00-da komandan\u0131n a\u00e7\u0131q m\u0259\u015fqi n\u0259z\u0259rd\u0259 tutulub.<\/p>\n<p>Oktyabr\u0131n 26-da realla\u015facaq g\u00f6r\u00fc\u015f Bak\u0131 vaxt\u0131 il\u0259 saat 23:00-da start g\u00f6t\u00fcr\u0259c\u0259k.<\/p>\n<p>Xat\u0131rladaq ki, \u201cQaraba\u011f\u201d v\u0259 \u201cBayer\u201d \u0259vv\u0259lki iki qar\u015f\u0131la\u015fmada q\u0259l\u0259b\u0259 qazan\u0131b.<\/p>\n<\/p><\/div>\n<p><script>\n        (function (d, s, id) {\n            var js, fjs = d.getElementsByTagName(s)[0];\n            if (d.getElementById(id)) return;\n            js = d.createElement(s);\n            js.id = id;\n            js.src = \"\/\/connect.facebook.net\/az_AZ\/sdk.js#xfbml=1&version=v2.7&appId=\";\n            fjs.parentNode.insertBefore(js, fjs);\n        }(document, 'script', 'facebook-jssdk'));\n    <\/script><\/p>\n","protected":false},"excerpt":{"rendered":"<p>A\u011fdam\u0131n \u201cQaraba\u011f\u201d futbol klubu UEFA Avropa Liqas\u0131n\u0131n qrup m\u0259rh\u0259l\u0259sinin III turunda Leverkuzen \u201cBayer\u201di il\u0259 qar\u015f\u0131la\u015fma \u00fc\u00e7\u00fcn Almaniyaya yola d\u00fc\u015f\u00fcb. Millinews.az x\u0259b\u0259r verir ki, bununla ba\u011fl\u0131 klubun r\u0259smi \u201cFacebook\u201d hesab\u0131nda m\u0259lumat payla\u015f\u0131l\u0131b. Qeyd ed\u0259k ki, mat\u00e7dan bir g\u00fcn \u0259vv\u0259l, yerli vaxtla 18:00-da ba\u015f m\u0259\u015fq\u00e7i Qurban Qurbanovun m\u0259tbuat konfrans\u0131, 19:00-da komandan\u0131n a\u00e7\u0131q m\u0259\u015fqi n\u0259z\u0259rd\u0259 tutulub. Oktyabr\u0131n 26-da &hellip;<\/p>\n","protected":false},"author":1,"featured_media":4717,"comment_status":"open","ping_status":"closed","sticky":false,"template":"","format":"standard","meta":{"footnotes":""},"categories":[9],"tags":[],"class_list":["post-4716","post","type-post","status-publish","format-standard","has-post-thumbnail","hentry","category-xeber"],"_links":{"self":[{"href":"https:\/\/millitv.net\/index.php?rest_route=\/wp\/v2\/posts\/4716","targetHints":{"allow":["GET"]}}],"collection":[{"href":"https:\/\/millitv.net\/index.php?rest_route=\/wp\/v2\/posts"}],"about":[{"href":"https:\/\/millitv.net\/index.php?rest_route=\/wp\/v2\/types\/post"}],"author":[{"embeddable":true,"href":"https:\/\/millitv.net\/index.php?rest_route=\/wp\/v2\/users\/1"}],"replies":[{"embeddable":true,"href":"https:\/\/millitv.net\/index.php?rest_route=%2Fwp%2Fv2%2Fcomments&post=4716"}],"version-history":[{"count":0,"href":"https:\/\/millitv.net\/index.php?rest_route=\/wp\/v2\/posts\/4716\/revisions"}],"wp:featuredmedia":[{"embeddable":true,"href":"https:\/\/millitv.net\/index.php?rest_route=\/wp\/v2\/media\/4717"}],"wp:attachment":[{"href":"https:\/\/millitv.net\/index.php?rest_route=%2Fwp%2Fv2%2Fmedia&parent=4716"}],"wp:term":[{"taxonomy":"category","embeddable":true,"href":"https:\/\/millitv.net\/index.php?rest_route=%2Fwp%2Fv2%2Fcategories&post=4716"},{"taxonomy":"post_tag","embeddable":true,"href":"https:\/\/millitv.net\/index.php?rest_route=%2Fwp%2Fv2%2Ftags&post=4716"}],"curies":[{"name":"wp","href":"https:\/\/api.w.org\/{rel}","templated":true}]}}