{"id":4702,"date":"2023-10-24T16:25:01","date_gmt":"2023-10-24T16:25:01","guid":{"rendered":"https:\/\/millinews.az\/xeber\/must%C9%99qil-f%C9%99l%C9%99stin-dovl%C9%99ti-qurulmalidir-rusiya\/"},"modified":"2023-10-24T16:25:01","modified_gmt":"2023-10-24T16:25:01","slug":"must%C9%99qil-f%C9%99l%C9%99stin-dovl%C9%99ti-qurulmalidir-rusiya","status":"publish","type":"post","link":"https:\/\/millitv.net\/?p=4702","title":{"rendered":"M\u00fcst\u0259qil F\u0259l\u0259stin d\u00f6vl\u0259ti qurulmal\u0131d\u0131r &#8211; Rusiya"},"content":{"rendered":"<div id=\"maincontent\">&#13;<br \/>\n        &#13;<\/p>\n<p><strong\/><strong>\u0130srail-F\u0259l\u0259stin m\u00fcnaqi\u015f\u0259si il\u0259 ba\u011fl\u0131 tezlikl\u0259 at\u0259\u015fk\u0259s \u0259ld\u0259 olunmal\u0131 v\u0259 f\u0259l\u0259stinlil\u0259r \u00fc\u00e7\u00fcn m\u00fcst\u0259qil d\u00f6vl\u0259t qurulmal\u0131d\u0131r. <\/strong><\/p>\n<p><a href=\"https:\/\/Millinews.az\" target=\"_blank\" class=\"kw-link\" rel=\"noopener\">Millinews.az<\/a> x\u0259b\u0259r verir ki, Kremlin s\u00f6z\u00e7\u00fcs\u00fc Dmitri Peskov bel\u0259 deyib. O bildirib ki, H\u018fMAS b\u00fct\u00fcn girovlar\u0131 t\u0259cili olaraq azad etm\u0259lidir. Peskov, H\u018fMAS-\u0131n \u0259lind\u0259 olan Rusiya v\u0259t\u0259nda\u015flar\u0131n\u0131n azad edilm\u0259si il\u0259 ba\u011fl\u0131  bildirib ki, Moskva m\u00fcnaqi\u015f\u0259d\u0259 i\u015ftirak ed\u0259n b\u00fct\u00fcn t\u0259r\u0259fl\u0259rl\u0259 \u0259laq\u0259 saxlamaq \u00fc\u00e7\u00fcn b\u00fct\u00fcn imkanlardan istifad\u0259 edir. &#13;\n  <\/p>\n<p>&#8220;Rusiya t\u0259r\u0259finin m\u00fcnasib\u0259ti kifay\u0259t q\u0259d\u0259r uy\u011fundur. Bunu Rusiya Prezidenti Vladimir Putin d\u0259f\u0259l\u0259rl\u0259 dil\u0259 g\u0259tirib. Biz terrorizmin b\u00fct\u00fcn t\u0259zah\u00fcrl\u0259rini q\u0131nay\u0131r\u0131q v\u0259 h\u0259lak olanlar\u0131n yax\u0131nlar\u0131na ba\u015fsa\u011fl\u0131\u011f\u0131 veririk. Biz at\u0259\u015fk\u0259s v\u0259 problemin tezlikl\u0259 h\u0259llini ist\u0259yirik v\u0259 bunun \u0259sas\u0131nda f\u0259l\u0259stinlil\u0259r \u00fc\u00e7\u00fcn m\u00fcst\u0259qil d\u00f6vl\u0259tin t\u0259min edilm\u0259sinin z\u0259ruri oldu\u011funa inan\u0131r\u0131q\u201d \u2013 Peskov deyib. &#13;<br \/>\n        &#13;<br \/>\n&#13;<br \/>\n        &#13;<br \/>\n&#13;\n        <\/p>\n<p><noscript><\/p>\n<p>You must enable Javascript on your browser for the site to work optimally and display sections completely.<\/p>\n<p><\/noscript>\t\t&#13;<br \/>\n\t\t&#13;\n    <\/div>\n<p><script type=\"text\/javascript\">jQuery(document).ready(function () {\n(function(d, s, id) {\n    var js, fjs = d.getElementsByTagName(s)[0];\n    if (d.getElementById(id))\n        return;\n    js = d.createElement(s);\n    js.id = id;\n    js.src = \"\/\/connect.facebook.net\/az_AZ\/all.js#xfbml=1&appId=1002485763137712\";\n    fjs.parentNode.insertBefore(js, fjs);\n}(document, 'script', 'facebook-jssdk'));                \n});<\/script><\/p>\n","protected":false},"excerpt":{"rendered":"<p>&#13; &#13; \u0130srail-F\u0259l\u0259stin m\u00fcnaqi\u015f\u0259si il\u0259 ba\u011fl\u0131 tezlikl\u0259 at\u0259\u015fk\u0259s \u0259ld\u0259 olunmal\u0131 v\u0259 f\u0259l\u0259stinlil\u0259r \u00fc\u00e7\u00fcn m\u00fcst\u0259qil d\u00f6vl\u0259t qurulmal\u0131d\u0131r. Millinews.az x\u0259b\u0259r verir ki, Kremlin s\u00f6z\u00e7\u00fcs\u00fc Dmitri Peskov bel\u0259 deyib. O bildirib ki, H\u018fMAS b\u00fct\u00fcn girovlar\u0131 t\u0259cili olaraq azad etm\u0259lidir. Peskov, H\u018fMAS-\u0131n \u0259lind\u0259 olan Rusiya v\u0259t\u0259nda\u015flar\u0131n\u0131n azad edilm\u0259si il\u0259 ba\u011fl\u0131 bildirib ki, Moskva m\u00fcnaqi\u015f\u0259d\u0259 i\u015ftirak ed\u0259n b\u00fct\u00fcn t\u0259r\u0259fl\u0259rl\u0259 \u0259laq\u0259 &hellip;<\/p>\n","protected":false},"author":1,"featured_media":4703,"comment_status":"open","ping_status":"closed","sticky":false,"template":"","format":"standard","meta":{"footnotes":""},"categories":[9],"tags":[],"class_list":["post-4702","post","type-post","status-publish","format-standard","has-post-thumbnail","hentry","category-xeber"],"_links":{"self":[{"href":"https:\/\/millitv.net\/index.php?rest_route=\/wp\/v2\/posts\/4702","targetHints":{"allow":["GET"]}}],"collection":[{"href":"https:\/\/millitv.net\/index.php?rest_route=\/wp\/v2\/posts"}],"about":[{"href":"https:\/\/millitv.net\/index.php?rest_route=\/wp\/v2\/types\/post"}],"author":[{"embeddable":true,"href":"https:\/\/millitv.net\/index.php?rest_route=\/wp\/v2\/users\/1"}],"replies":[{"embeddable":true,"href":"https:\/\/millitv.net\/index.php?rest_route=%2Fwp%2Fv2%2Fcomments&post=4702"}],"version-history":[{"count":0,"href":"https:\/\/millitv.net\/index.php?rest_route=\/wp\/v2\/posts\/4702\/revisions"}],"wp:featuredmedia":[{"embeddable":true,"href":"https:\/\/millitv.net\/index.php?rest_route=\/wp\/v2\/media\/4703"}],"wp:attachment":[{"href":"https:\/\/millitv.net\/index.php?rest_route=%2Fwp%2Fv2%2Fmedia&parent=4702"}],"wp:term":[{"taxonomy":"category","embeddable":true,"href":"https:\/\/millitv.net\/index.php?rest_route=%2Fwp%2Fv2%2Fcategories&post=4702"},{"taxonomy":"post_tag","embeddable":true,"href":"https:\/\/millitv.net\/index.php?rest_route=%2Fwp%2Fv2%2Ftags&post=4702"}],"curies":[{"name":"wp","href":"https:\/\/api.w.org\/{rel}","templated":true}]}}