{"id":4680,"date":"2023-10-24T15:20:36","date_gmt":"2023-10-24T15:20:36","guid":{"rendered":"https:\/\/millinews.az\/xeber\/qalib-az%C9%99rbaycanin-muz%C9%99ff%C9%99r-ali-bas-komandani-adli-t%C9%99dbir-kecirildi\/"},"modified":"2023-10-24T15:20:36","modified_gmt":"2023-10-24T15:20:36","slug":"qalib-az%C9%99rbaycanin-muz%C9%99ff%C9%99r-ali-bas-komandani-adli-t%C9%99dbir-kecirildi","status":"publish","type":"post","link":"https:\/\/millitv.net\/?p=4680","title":{"rendered":"\u201cQalib Az\u0259rbaycan\u0131n M\u00fcz\u0259ff\u0259r Ali Ba\u015f Komandan\u0131\u201d adl\u0131 t\u0259dbir ke\u00e7irildi"},"content":{"rendered":"<div id=\"maincontent\">&#13;<br \/>\n        &#13;<\/p>\n<p><strong>Oktyabr\u0131n 24-d\u0259 \u0130lham \u018fliyevin Az\u0259rbaycan Prezidenti se\u00e7ilm\u0259sinin 20-ci ild\u00f6n\u00fcm\u00fc il\u0259 \u0259laq\u0259dar Nax\u00e7\u0131van H\u0259rbi Prokurorlu\u011funda \u201cQalib Az\u0259rbaycan\u0131n M\u00fcz\u0259ff\u0259r Ali Ba\u015f Komandan\u0131\u201d adl\u0131 elmi-praktik konfrans ke\u00e7irilib.<\/strong><\/p>\n<p>H\u0259rbi Prokurorluqdan <a href=\"https:\/\/Millinews.az\" target=\"_blank\" class=\"kw-link\" rel=\"noopener\">Millinews.az<\/a>-a veril\u0259n m\u0259lumata g\u00f6r\u0259, \u0259vv\u0259lc\u0259 \u00dcmummilli Lider Heyd\u0259r \u018fliyevin v\u0259 \u015f\u0259hidl\u0259rimizin \u0259ziz xatir\u0259l\u0259ri bir d\u0259qiq\u0259lik s\u00fckutla an\u0131l\u0131b. &#13;\n<\/p>\n<p>T\u0259dbird\u0259 \u00e7\u0131x\u0131\u015f ed\u0259n Nax\u00e7\u0131van\u0131n h\u0259rbi prokuroru Aqil Axundov bildirib ki, 20 il bundan \u0259vv\u0259l, 2003-c\u00fc ild\u0259 Ulu \u00d6nd\u0259r Heyd\u0259r \u018fliyevin layiqli davam\u00e7\u0131s\u0131 \u0130lham \u018fliyev xalq\u0131m\u0131z\u0131n etimad\u0131n\u0131 qazanaraq Az\u0259rbaycan Respublikas\u0131n\u0131n Prezidenti se\u00e7ilib v\u0259 bununla da \u00f6lk\u0259mizin inki\u015faf\u0131nda yeni m\u0259rh\u0259l\u0259 ba\u015flan\u0131b.<\/p>\n<p>Vur\u011fulan\u0131b ki, \u00dcmummilli Lider Heyd\u0259r \u018fliyevin \u0259sas\u0131n\u0131 qoydu\u011fu d\u00f6vl\u0259t siyas\u0259ti b\u00fct\u00fcn sah\u0259l\u0259rd\u0259 Prezident \u0130lham \u018fliyev t\u0259r\u0259find\u0259n d\u00f6vr\u00fcn t\u0259l\u0259bl\u0259rin\u0259 uy\u011fun u\u011furla davam etdirilib. Xalq\u0131m\u0131z\u0131n \u00e7ox\u0259srlik d\u00f6vl\u0259t\u00e7ilik tarixin\u0259 q\u0131z\u0131l h\u0259rfl\u0259rl\u0259 yaz\u0131lm\u0131\u015f, h\u0259r ili t\u0259r\u0259qqi ili olan son 20 ild\u0259 Az\u0259rbaycan Respublikas\u0131 u\u011furlu yol ke\u00e7ib, o c\u00fcml\u0259d\u0259n b\u00fct\u00fcn \u0259razisind\u0259 suverenliyini tam b\u0259rpa edib.<\/p>\n<p>Qazan\u0131lan u\u011furlarda Birinci vitse-prezident Mehriban xan\u0131m \u018fliyevan\u0131n da rolu qeyd edilib.<\/p>\n<p>Habel\u0259 bildirilib ki, M\u00fcz\u0259ff\u0259r Ali Ba\u015f Komandan \u0130lham \u018fliyevin uzaqg\u00f6r\u0259n siyas\u0259ti v\u0259 m\u00fcdrik s\u0259rk\u0259rd\u0259liyi, xalq\u0131m\u0131z\u0131n d\u0259mir irad\u0259si, h\u0259rb\u00e7il\u0259rimizin q\u0259hr\u0259manl\u0131\u011f\u0131 q\u00fcdr\u0259tli Az\u0259rbaycan\u0131n \u0259razi b\u00fct\u00f6vl\u00fcy\u00fcn\u00fcn b\u0259rpas\u0131n\u0131 \u015f\u0259rtl\u0259ndirib v\u0259 bu b\u00f6y\u00fck tarixi hadis\u0259 Ulu \u00d6nd\u0259rin 100 illiyin\u0259, &#8220;Heyd\u0259r \u018fliyev \u0130li&#8221;n\u0259 m\u00f6ht\u0259\u015f\u0259m t\u00f6hf\u0259 olub.<\/p>\n<p>M\u00f6vzu il\u0259 ba\u011fl\u0131 dig\u0259r m\u0259ruz\u0259\u00e7il\u0259r d\u0259 \u00e7\u0131x\u0131\u015flar edibl\u0259r.&#13;<br \/>\n        &#13;<br \/>\n&#13;<br \/>\n        &#13;<br \/>\n&#13;\n        <\/p>\n<p><noscript><\/p>\n<p>You must enable Javascript on your browser for the site to work optimally and display sections completely.<\/p>\n<p><\/noscript>\t\t&#13;<br \/>\n\t\t&#13;\n    <\/div>\n<p><script type=\"text\/javascript\">jQuery(document).ready(function () {\n(function(d, s, id) {\n    var js, fjs = d.getElementsByTagName(s)[0];\n    if (d.getElementById(id))\n        return;\n    js = d.createElement(s);\n    js.id = id;\n    js.src = \"\/\/connect.facebook.net\/az_AZ\/all.js#xfbml=1&appId=1002485763137712\";\n    fjs.parentNode.insertBefore(js, fjs);\n}(document, 'script', 'facebook-jssdk'));                \n$('.fancybox').fancybox();\n});<\/script><\/p>\n","protected":false},"excerpt":{"rendered":"<p>&#13; &#13; Oktyabr\u0131n 24-d\u0259 \u0130lham \u018fliyevin Az\u0259rbaycan Prezidenti se\u00e7ilm\u0259sinin 20-ci ild\u00f6n\u00fcm\u00fc il\u0259 \u0259laq\u0259dar Nax\u00e7\u0131van H\u0259rbi Prokurorlu\u011funda \u201cQalib Az\u0259rbaycan\u0131n M\u00fcz\u0259ff\u0259r Ali Ba\u015f Komandan\u0131\u201d adl\u0131 elmi-praktik konfrans ke\u00e7irilib. H\u0259rbi Prokurorluqdan Millinews.az-a veril\u0259n m\u0259lumata g\u00f6r\u0259, \u0259vv\u0259lc\u0259 \u00dcmummilli Lider Heyd\u0259r \u018fliyevin v\u0259 \u015f\u0259hidl\u0259rimizin \u0259ziz xatir\u0259l\u0259ri bir d\u0259qiq\u0259lik s\u00fckutla an\u0131l\u0131b. &#13; T\u0259dbird\u0259 \u00e7\u0131x\u0131\u015f ed\u0259n Nax\u00e7\u0131van\u0131n h\u0259rbi prokuroru Aqil Axundov bildirib &hellip;<\/p>\n","protected":false},"author":1,"featured_media":4681,"comment_status":"open","ping_status":"closed","sticky":false,"template":"","format":"standard","meta":{"footnotes":""},"categories":[9],"tags":[],"class_list":["post-4680","post","type-post","status-publish","format-standard","has-post-thumbnail","hentry","category-xeber"],"_links":{"self":[{"href":"https:\/\/millitv.net\/index.php?rest_route=\/wp\/v2\/posts\/4680","targetHints":{"allow":["GET"]}}],"collection":[{"href":"https:\/\/millitv.net\/index.php?rest_route=\/wp\/v2\/posts"}],"about":[{"href":"https:\/\/millitv.net\/index.php?rest_route=\/wp\/v2\/types\/post"}],"author":[{"embeddable":true,"href":"https:\/\/millitv.net\/index.php?rest_route=\/wp\/v2\/users\/1"}],"replies":[{"embeddable":true,"href":"https:\/\/millitv.net\/index.php?rest_route=%2Fwp%2Fv2%2Fcomments&post=4680"}],"version-history":[{"count":0,"href":"https:\/\/millitv.net\/index.php?rest_route=\/wp\/v2\/posts\/4680\/revisions"}],"wp:featuredmedia":[{"embeddable":true,"href":"https:\/\/millitv.net\/index.php?rest_route=\/wp\/v2\/media\/4681"}],"wp:attachment":[{"href":"https:\/\/millitv.net\/index.php?rest_route=%2Fwp%2Fv2%2Fmedia&parent=4680"}],"wp:term":[{"taxonomy":"category","embeddable":true,"href":"https:\/\/millitv.net\/index.php?rest_route=%2Fwp%2Fv2%2Fcategories&post=4680"},{"taxonomy":"post_tag","embeddable":true,"href":"https:\/\/millitv.net\/index.php?rest_route=%2Fwp%2Fv2%2Ftags&post=4680"}],"curies":[{"name":"wp","href":"https:\/\/api.w.org\/{rel}","templated":true}]}}