{"id":4662,"date":"2023-10-24T14:26:02","date_gmt":"2023-10-24T14:26:02","guid":{"rendered":"https:\/\/millinews.az\/xeber\/arif-babayev%C9%99-prezidentin-f%C9%99xri-diplomu-t%C9%99qdim-edildi\/"},"modified":"2023-10-24T14:26:02","modified_gmt":"2023-10-24T14:26:02","slug":"arif-babayev%C9%99-prezidentin-f%C9%99xri-diplomu-t%C9%99qdim-edildi","status":"publish","type":"post","link":"https:\/\/millitv.net\/?p=4662","title":{"rendered":"Arif Babayev\u0259 Prezidentin f\u0259xri diplomu t\u0259qdim edildi"},"content":{"rendered":"<p><img decoding=\"async\" src=\"https:\/\/Millinews.az\/storage\/2023\/10\/24\/arif_babayev.jpg\" alt=\"\" title=\"\"><\/p>\n<div id=\"mvp-content-main\">\n<p><strong>Xalq artisti Arif Babayev\u0259 \u201cAz\u0259rbaycan Respublikas\u0131 Prezidentinin f\u0259xri diplomu\u201d t\u0259qdim edilib.<\/strong><\/p>\n<p>Bu bar\u0259d\u0259 <strong><a target=\"_blank\" href=\"https:\/\/Millinews.az\" rel=\"noopener\">Millinews.az<\/a><\/strong>-a Az\u0259rbaycan M\u0259d\u0259niyy\u0259t Nazirliyind\u0259n bildirilib.<\/p>\n<p>Qeyd olunub ki, Az\u0259rbaycan m\u0259d\u0259niyy\u0259t naziri Adil K\u0259rimli oktyabr\u0131n 24-d\u0259 g\u00f6rk\u0259mli mu\u011fam ustad\u0131, bu il anadan olmas\u0131n\u0131n 85 illiyi qeyd olunan Xalq artisti, Prezident t\u0259qa\u00fcd\u00e7\u00fcs\u00fc Arif Babayevi evind\u0259 ziyar\u0259t edib.<\/p>\n<p>Nazir Arif Babayevin \u0259lam\u0259tdar yubileyinin m\u00fcxt\u0259lif t\u0259dbirl\u0259rl\u0259 qeyd edildiyini deyib, Prezident \u0130lham \u018fliyevin 21 fevral 2023-c\u00fc il tarixli s\u0259r\u0259ncam\u0131 il\u0259 onun \u201cAz\u0259rbaycan Respublikas\u0131 Prezidentinin f\u0259xri diplomu\u201dna layiq g\u00f6r\u00fclm\u0259sinin s\u0259n\u0259tkar\u0131n f\u0259aliyy\u0259tin\u0259 g\u00f6st\u0259ril\u0259n diqq\u0259tin t\u0259zah\u00fcr\u00fc oldu\u011funu bildirib.<\/p>\n<p>Sonra d\u00f6vl\u0259t t\u0259ltifi xan\u0259nd\u0259y\u0259 t\u0259qdim edilib.<\/p>\n<p>Arif Babayev s\u0259n\u0259tin\u0259 veril\u0259n y\u00fcks\u0259k qiym\u0259t\u0259 v\u0259 Az\u0259rbaycan mu\u011fam\u0131n\u0131n inki\u015faf\u0131na g\u00f6st\u0259rdikl\u0259ri diqq\u0259t v\u0259 qay\u011f\u0131ya g\u00f6r\u0259 Prezident \u0130lham \u018fliyev\u0259 v\u0259 Birinci vitse-prezident Mehriban \u018fliyevaya minn\u0259tdarl\u0131\u011f\u0131n\u0131 bildirib.<\/p>\n<\/p><\/div>\n<p><script>\n        (function (d, s, id) {\n            var js, fjs = d.getElementsByTagName(s)[0];\n            if (d.getElementById(id)) return;\n            js = d.createElement(s);\n            js.id = id;\n            js.src = \"\/\/connect.facebook.net\/az_AZ\/sdk.js#xfbml=1&version=v2.7&appId=\";\n            fjs.parentNode.insertBefore(js, fjs);\n        }(document, 'script', 'facebook-jssdk'));\n    <\/script><\/p>\n","protected":false},"excerpt":{"rendered":"<p>Xalq artisti Arif Babayev\u0259 \u201cAz\u0259rbaycan Respublikas\u0131 Prezidentinin f\u0259xri diplomu\u201d t\u0259qdim edilib. Bu bar\u0259d\u0259 Millinews.az-a Az\u0259rbaycan M\u0259d\u0259niyy\u0259t Nazirliyind\u0259n bildirilib. Qeyd olunub ki, Az\u0259rbaycan m\u0259d\u0259niyy\u0259t naziri Adil K\u0259rimli oktyabr\u0131n 24-d\u0259 g\u00f6rk\u0259mli mu\u011fam ustad\u0131, bu il anadan olmas\u0131n\u0131n 85 illiyi qeyd olunan Xalq artisti, Prezident t\u0259qa\u00fcd\u00e7\u00fcs\u00fc Arif Babayevi evind\u0259 ziyar\u0259t edib. Nazir Arif Babayevin \u0259lam\u0259tdar yubileyinin m\u00fcxt\u0259lif t\u0259dbirl\u0259rl\u0259 &hellip;<\/p>\n","protected":false},"author":1,"featured_media":4663,"comment_status":"open","ping_status":"closed","sticky":false,"template":"","format":"standard","meta":{"footnotes":""},"categories":[9],"tags":[],"class_list":["post-4662","post","type-post","status-publish","format-standard","has-post-thumbnail","hentry","category-xeber"],"_links":{"self":[{"href":"https:\/\/millitv.net\/index.php?rest_route=\/wp\/v2\/posts\/4662","targetHints":{"allow":["GET"]}}],"collection":[{"href":"https:\/\/millitv.net\/index.php?rest_route=\/wp\/v2\/posts"}],"about":[{"href":"https:\/\/millitv.net\/index.php?rest_route=\/wp\/v2\/types\/post"}],"author":[{"embeddable":true,"href":"https:\/\/millitv.net\/index.php?rest_route=\/wp\/v2\/users\/1"}],"replies":[{"embeddable":true,"href":"https:\/\/millitv.net\/index.php?rest_route=%2Fwp%2Fv2%2Fcomments&post=4662"}],"version-history":[{"count":0,"href":"https:\/\/millitv.net\/index.php?rest_route=\/wp\/v2\/posts\/4662\/revisions"}],"wp:featuredmedia":[{"embeddable":true,"href":"https:\/\/millitv.net\/index.php?rest_route=\/wp\/v2\/media\/4663"}],"wp:attachment":[{"href":"https:\/\/millitv.net\/index.php?rest_route=%2Fwp%2Fv2%2Fmedia&parent=4662"}],"wp:term":[{"taxonomy":"category","embeddable":true,"href":"https:\/\/millitv.net\/index.php?rest_route=%2Fwp%2Fv2%2Fcategories&post=4662"},{"taxonomy":"post_tag","embeddable":true,"href":"https:\/\/millitv.net\/index.php?rest_route=%2Fwp%2Fv2%2Ftags&post=4662"}],"curies":[{"name":"wp","href":"https:\/\/api.w.org\/{rel}","templated":true}]}}