{"id":4642,"date":"2023-10-24T13:35:39","date_gmt":"2023-10-24T13:35:39","guid":{"rendered":"https:\/\/millinews.az\/xeber\/nato-bas-katibi-erdogana-buna-gor%C9%99-t%C9%99s%C9%99kkur-etdi\/"},"modified":"2023-10-24T13:35:39","modified_gmt":"2023-10-24T13:35:39","slug":"nato-bas-katibi-erdogana-buna-gor%C9%99-t%C9%99s%C9%99kkur-etdi","status":"publish","type":"post","link":"https:\/\/millitv.net\/?p=4642","title":{"rendered":"NATO ba\u015f katibi \u018frdo\u011fana buna g\u00f6r\u0259 t\u0259\u015f\u0259kk\u00fcr etdi"},"content":{"rendered":"<p><img decoding=\"async\" src=\"https:\/\/Millinews.az\/storage\/2023\/10\/24\/yens456852.jpg\" alt=\"\" title=\"\"><\/p>\n<div id=\"mvp-content-main\">\n<p><strong>\u0130sve\u00e7 T\u00fcrkiy\u0259 qar\u015f\u0131s\u0131nda g\u00f6t\u00fcrd\u00fcy\u00fc b\u00fct\u00fcn \u00f6hd\u0259likl\u0259ri yerin\u0259 yetirib v\u0259 NATO-ya daxil olma\u011fa tam haz\u0131rd\u0131r.<\/strong><\/p>\n<p><strong><a target=\"_blank\" href=\"https:\/\/Millinews.az\" rel=\"noopener\">Millinews.az<\/a><\/strong> TASS-a istinad\u0259n x\u0259b\u0259r verir ki, bunu Alyans\u0131n ba\u015f katibi Yens Stoltenberq deyib.<\/p>\n<p>\u201c\u0130sve\u00e7 terrorla m\u00fcbariz\u0259ni geni\u015fl\u0259ndirm\u0259k \u00fc\u00e7\u00fcn b\u00fct\u00fcn \u00f6hd\u0259likl\u0259rini yerin\u0259 yetirdi, konstitusiyas\u0131n\u0131 v\u0259 qanunlar\u0131n\u0131 d\u0259yi\u015fdirdi, T\u00fcrkiy\u0259y\u0259 silah t\u0259dar\u00fck\u00fcn\u0259 icaz\u0259 verdi v\u0259 indi onun yax\u0131n g\u0259l\u0259c\u0259kd\u0259 alyansa qo\u015fulmas\u0131n\u0131 g\u00f6zl\u0259yir\u0259m\u201d, &#8211; dey\u0259 ba\u015f katib bildirib.<\/p>\n<p>O, h\u0259m\u00e7inin \u0259lav\u0259 edib ki, T\u00fcrkiy\u0259 prezidenti R\u0259c\u0259b Tayyib \u018frdo\u011fanla dan\u0131\u015f\u0131b v\u0259 \u0130sve\u00e7in h\u0259rbi bloka daxil olmas\u0131 il\u0259 ba\u011fl\u0131 protokolu imzalad\u0131\u011f\u0131na g\u00f6r\u0259 ona t\u0259\u015f\u0259kk\u00fcr edib.<\/p>\n<p>Xat\u0131rladaq ki, bundan \u0259vv\u0259l Stoltenberq alyans \u00f6lk\u0259l\u0259rin\u0259 g\u00f6nd\u0259rdiyi m\u0259ktubda \u0130sve\u00e7in NATO-ya \u0259n geci noyabr\u0131n sonunda, alyans \u00f6lk\u0259l\u0259rinin xarici i\u015fl\u0259r nazirl\u0259rinin toplant\u0131s\u0131n\u0131n ke\u00e7iril\u0259c\u0259yi vaxtdan daxil olmas\u0131 laz\u0131m oldu\u011funu bildirmi\u015fdi.<\/p>\n<p><strong>Ad\u0259m<\/strong><\/p>\n<\/p><\/div>\n<p><script>\n        (function (d, s, id) {\n            var js, fjs = d.getElementsByTagName(s)[0];\n            if (d.getElementById(id)) return;\n            js = d.createElement(s);\n            js.id = id;\n            js.src = \"\/\/connect.facebook.net\/az_AZ\/sdk.js#xfbml=1&version=v2.7&appId=\";\n            fjs.parentNode.insertBefore(js, fjs);\n        }(document, 'script', 'facebook-jssdk'));\n    <\/script><\/p>\n","protected":false},"excerpt":{"rendered":"<p>\u0130sve\u00e7 T\u00fcrkiy\u0259 qar\u015f\u0131s\u0131nda g\u00f6t\u00fcrd\u00fcy\u00fc b\u00fct\u00fcn \u00f6hd\u0259likl\u0259ri yerin\u0259 yetirib v\u0259 NATO-ya daxil olma\u011fa tam haz\u0131rd\u0131r. Millinews.az TASS-a istinad\u0259n x\u0259b\u0259r verir ki, bunu Alyans\u0131n ba\u015f katibi Yens Stoltenberq deyib. \u201c\u0130sve\u00e7 terrorla m\u00fcbariz\u0259ni geni\u015fl\u0259ndirm\u0259k \u00fc\u00e7\u00fcn b\u00fct\u00fcn \u00f6hd\u0259likl\u0259rini yerin\u0259 yetirdi, konstitusiyas\u0131n\u0131 v\u0259 qanunlar\u0131n\u0131 d\u0259yi\u015fdirdi, T\u00fcrkiy\u0259y\u0259 silah t\u0259dar\u00fck\u00fcn\u0259 icaz\u0259 verdi v\u0259 indi onun yax\u0131n g\u0259l\u0259c\u0259kd\u0259 alyansa qo\u015fulmas\u0131n\u0131 g\u00f6zl\u0259yir\u0259m\u201d, &#8211; dey\u0259 &hellip;<\/p>\n","protected":false},"author":1,"featured_media":4643,"comment_status":"open","ping_status":"closed","sticky":false,"template":"","format":"standard","meta":{"footnotes":""},"categories":[9],"tags":[],"class_list":["post-4642","post","type-post","status-publish","format-standard","has-post-thumbnail","hentry","category-xeber"],"_links":{"self":[{"href":"https:\/\/millitv.net\/index.php?rest_route=\/wp\/v2\/posts\/4642","targetHints":{"allow":["GET"]}}],"collection":[{"href":"https:\/\/millitv.net\/index.php?rest_route=\/wp\/v2\/posts"}],"about":[{"href":"https:\/\/millitv.net\/index.php?rest_route=\/wp\/v2\/types\/post"}],"author":[{"embeddable":true,"href":"https:\/\/millitv.net\/index.php?rest_route=\/wp\/v2\/users\/1"}],"replies":[{"embeddable":true,"href":"https:\/\/millitv.net\/index.php?rest_route=%2Fwp%2Fv2%2Fcomments&post=4642"}],"version-history":[{"count":0,"href":"https:\/\/millitv.net\/index.php?rest_route=\/wp\/v2\/posts\/4642\/revisions"}],"wp:featuredmedia":[{"embeddable":true,"href":"https:\/\/millitv.net\/index.php?rest_route=\/wp\/v2\/media\/4643"}],"wp:attachment":[{"href":"https:\/\/millitv.net\/index.php?rest_route=%2Fwp%2Fv2%2Fmedia&parent=4642"}],"wp:term":[{"taxonomy":"category","embeddable":true,"href":"https:\/\/millitv.net\/index.php?rest_route=%2Fwp%2Fv2%2Fcategories&post=4642"},{"taxonomy":"post_tag","embeddable":true,"href":"https:\/\/millitv.net\/index.php?rest_route=%2Fwp%2Fv2%2Ftags&post=4642"}],"curies":[{"name":"wp","href":"https:\/\/api.w.org\/{rel}","templated":true}]}}