{"id":4638,"date":"2023-10-24T13:24:10","date_gmt":"2023-10-24T13:24:10","guid":{"rendered":"https:\/\/millinews.az\/xeber\/daha-bir-qumarbaz-futbolcunun-c%C9%99zasi-aciqlanacaq\/"},"modified":"2023-10-24T13:24:10","modified_gmt":"2023-10-24T13:24:10","slug":"daha-bir-qumarbaz-futbolcunun-c%C9%99zasi-aciqlanacaq","status":"publish","type":"post","link":"https:\/\/millitv.net\/?p=4638","title":{"rendered":"Daha bir qumarbaz futbol\u00e7unun c\u0259zas\u0131 a\u00e7\u0131qlanacaq"},"content":{"rendered":"<p><img decoding=\"async\" src=\"https:\/\/Millinews.az\/storage\/2023\/10\/24\/orig_648510.jpg\" alt=\"\" title=\"\"><\/p>\n<div id=\"mvp-content-main\">\n<p><strong>Yax\u0131n vaxtda \u0130taliya Futbol Federasiyas\u0131 &#8220;Nyukasl&#8221;\u0131n yar\u0131mm\u00fcdafi\u0259\u00e7isi Sandro Tonalinin qanunsuz m\u0259rc oynamas\u0131 i\u015fi il\u0259 ba\u011fl\u0131 h\u00f6km\u00fcn\u00fc a\u00e7\u0131qlayacaq.<\/strong><\/p>\n<p><strong><a target=\"_blank\" href=\"https:\/\/Millinews.az\" rel=\"noopener\">Millinews.az<\/a><\/strong> x\u0259b\u0259r verir ki, bu bar\u0259d\u0259 \u0130taliya m\u0259tbuat\u0131 m\u0259lumat yay\u0131b.<\/p>\n<p>23 ya\u015fl\u0131 yar\u0131mm\u00fcdafi\u0259\u00e7i diskvalifikasiya m\u00fcdd\u0259tini q\u0131sald\u0131laca\u011f\u0131 \u00fcmidi il\u0259 g\u00fcnah\u0131n\u0131 etiraf edib. Tonalinin 10 v\u0259 ya 12 ayl\u0131q futboldan uzaqla\u015fd\u0131r\u0131laca\u011f\u0131 g\u00f6zl\u0259nilir.<\/p>\n<p>\u0130st\u0259nil\u0259n halda Tonali g\u0259l\u0259n ilin iyun-iyul aylar\u0131nda Almaniyada ke\u00e7iril\u0259c\u0259k Avro-2024-\u00fc buraxacaq. \u00c7ox g\u00fcman ki, futbol\u00e7unun i\u015fi \u00fczr\u0259 h\u00f6km sabah &#8220;Nyukasl&#8221;\u0131n \u00c7empionlar Liqas\u0131nda Dortmund &#8220;Borussiya&#8221;s\u0131 il\u0259 oyunundan \u0259vv\u0259l a\u00e7\u0131qlanacaq.<\/p>\n<p>Bundan \u0259vv\u0259l qanunsuz m\u0259rc oynad\u0131\u011f\u0131na g\u00f6r\u0259 Nikolo Faqioli 7 ay m\u00fcdd\u0259tin\u0259 futboldan uzaqla\u015fd\u0131r\u0131l\u0131b.<\/p>\n<p>Qeyd ed\u0259k ki, Sandro Tonali bu ili yay\u0131nda &#8220;Milan&#8221;dan &#8220;Nyukasl&#8221;a 70 milyon avroya transfer edilib.<\/p>\n<p><strong>Heyb\u0259t<\/strong><\/p>\n<\/p><\/div>\n<p><script>\n        (function (d, s, id) {\n            var js, fjs = d.getElementsByTagName(s)[0];\n            if (d.getElementById(id)) return;\n            js = d.createElement(s);\n            js.id = id;\n            js.src = \"\/\/connect.facebook.net\/az_AZ\/sdk.js#xfbml=1&version=v2.7&appId=\";\n            fjs.parentNode.insertBefore(js, fjs);\n        }(document, 'script', 'facebook-jssdk'));\n    <\/script><\/p>\n","protected":false},"excerpt":{"rendered":"<p>Yax\u0131n vaxtda \u0130taliya Futbol Federasiyas\u0131 &#8220;Nyukasl&#8221;\u0131n yar\u0131mm\u00fcdafi\u0259\u00e7isi Sandro Tonalinin qanunsuz m\u0259rc oynamas\u0131 i\u015fi il\u0259 ba\u011fl\u0131 h\u00f6km\u00fcn\u00fc a\u00e7\u0131qlayacaq. Millinews.az x\u0259b\u0259r verir ki, bu bar\u0259d\u0259 \u0130taliya m\u0259tbuat\u0131 m\u0259lumat yay\u0131b. 23 ya\u015fl\u0131 yar\u0131mm\u00fcdafi\u0259\u00e7i diskvalifikasiya m\u00fcdd\u0259tini q\u0131sald\u0131laca\u011f\u0131 \u00fcmidi il\u0259 g\u00fcnah\u0131n\u0131 etiraf edib. Tonalinin 10 v\u0259 ya 12 ayl\u0131q futboldan uzaqla\u015fd\u0131r\u0131laca\u011f\u0131 g\u00f6zl\u0259nilir. \u0130st\u0259nil\u0259n halda Tonali g\u0259l\u0259n ilin iyun-iyul aylar\u0131nda Almaniyada &hellip;<\/p>\n","protected":false},"author":1,"featured_media":4639,"comment_status":"open","ping_status":"closed","sticky":false,"template":"","format":"standard","meta":{"footnotes":""},"categories":[9],"tags":[],"class_list":["post-4638","post","type-post","status-publish","format-standard","has-post-thumbnail","hentry","category-xeber"],"_links":{"self":[{"href":"https:\/\/millitv.net\/index.php?rest_route=\/wp\/v2\/posts\/4638","targetHints":{"allow":["GET"]}}],"collection":[{"href":"https:\/\/millitv.net\/index.php?rest_route=\/wp\/v2\/posts"}],"about":[{"href":"https:\/\/millitv.net\/index.php?rest_route=\/wp\/v2\/types\/post"}],"author":[{"embeddable":true,"href":"https:\/\/millitv.net\/index.php?rest_route=\/wp\/v2\/users\/1"}],"replies":[{"embeddable":true,"href":"https:\/\/millitv.net\/index.php?rest_route=%2Fwp%2Fv2%2Fcomments&post=4638"}],"version-history":[{"count":0,"href":"https:\/\/millitv.net\/index.php?rest_route=\/wp\/v2\/posts\/4638\/revisions"}],"wp:featuredmedia":[{"embeddable":true,"href":"https:\/\/millitv.net\/index.php?rest_route=\/wp\/v2\/media\/4639"}],"wp:attachment":[{"href":"https:\/\/millitv.net\/index.php?rest_route=%2Fwp%2Fv2%2Fmedia&parent=4638"}],"wp:term":[{"taxonomy":"category","embeddable":true,"href":"https:\/\/millitv.net\/index.php?rest_route=%2Fwp%2Fv2%2Fcategories&post=4638"},{"taxonomy":"post_tag","embeddable":true,"href":"https:\/\/millitv.net\/index.php?rest_route=%2Fwp%2Fv2%2Ftags&post=4638"}],"curies":[{"name":"wp","href":"https:\/\/api.w.org\/{rel}","templated":true}]}}