{"id":4600,"date":"2023-10-24T11:53:22","date_gmt":"2023-10-24T11:53:22","guid":{"rendered":"https:\/\/millinews.az\/xeber\/ilham-eliyev-turkiy%C9%99nin-milli-mudafi%C9%99-nazirini-q%C9%99bul-etdi\/"},"modified":"2023-10-24T11:53:22","modified_gmt":"2023-10-24T11:53:22","slug":"ilham-eliyev-turkiy%C9%99nin-milli-mudafi%C9%99-nazirini-q%C9%99bul-etdi","status":"publish","type":"post","link":"https:\/\/millitv.net\/?p=4600","title":{"rendered":"\u0130lham \u018fliyev T\u00fcrkiy\u0259nin milli m\u00fcdafi\u0259 nazirini q\u0259bul etdi"},"content":{"rendered":"<p><img decoding=\"async\" src=\"https:\/\/Millinews.az\/storage\/2023\/10\/23\/ilham.jpg\" alt=\"\" title=\"\"><\/p>\n<div id=\"mvp-content-main\">\n<p><strong>Az\u0259rbaycan Respublikas\u0131n\u0131n Prezidenti \u0130lham \u018fliyev oktyabr\u0131n 24-d\u0259 T\u00fcrkiy\u0259 Respublikas\u0131n\u0131n milli m\u00fcdafi\u0259 naziri Ya\u015far G\u00fcl\u0259ri q\u0259bul edib.<\/strong><\/p>\n<p><strong><a target=\"_blank\" href=\"https:\/\/Millinews.az\" rel=\"noopener\">Millinews.az<\/a><\/strong> x\u0259b\u0259r verir ki, g\u00f6r\u00fc\u015fd\u0259 Az\u0259rbaycan il\u0259 T\u00fcrkiy\u0259 aras\u0131nda dostluq v\u0259 qarda\u015fl\u0131q m\u00fcnasib\u0259tl\u0259rinin b\u00fct\u00fcn istiqam\u0259tl\u0259rd\u0259 oldu\u011fu kimi, h\u0259rbi sah\u0259d\u0259 d\u0259 u\u011furla inki\u015faf etdiyi vur\u011fuland\u0131. Bu bax\u0131mdan \u00f6lk\u0259mizin m\u00fcxt\u0259lif yerl\u0259rind\u0259 &#8220;Mustafa Kamal Atat\u00fcrk &#8211; 2023&#8221; Az\u0259rbaycan-T\u00fcrkiy\u0259 birg\u0259 taktiki t\u0259liminin ke\u00e7irilm\u0259sind\u0259n, t\u0259lim zaman\u0131 y\u00fcks\u0259k pe\u015f\u0259karl\u0131\u011f\u0131n v\u0259 bacar\u0131\u011f\u0131n n\u00fcmayi\u015f etdirilm\u0259sind\u0259n m\u0259mnunluq ifad\u0259 olundu.<\/p>\n<p>T\u00fcrkiy\u0259 Respublikas\u0131n\u0131n milli m\u00fcdafi\u0259 naziri bu t\u0259liml\u0259rin Ulu \u00d6nd\u0259r Heyd\u0259r \u018fliyevin anadan olmas\u0131n\u0131n 100 illiyin\u0259 t\u0259sad\u00fcf etm\u0259sinin r\u0259mzi m\u0259na da\u015f\u0131d\u0131\u011f\u0131n\u0131 vur\u011fulad\u0131.<\/p>\n<p>S\u00f6hb\u0259t zaman\u0131 Az\u0259rbaycan\u0131n v\u0259 T\u00fcrkiy\u0259nin d\u00f6vl\u0259t ba\u015f\u00e7\u0131lar\u0131n\u0131n m\u00fct\u0259madi g\u00f6r\u00fc\u015fl\u0259rinin v\u0259 t\u0259maslar\u0131n\u0131n m\u00fcnasib\u0259tl\u0259rimizin inki\u015faf\u0131nda rolu qeyd olunaraq, bu ilin sentyabr\u0131nda T\u00fcrkiy\u0259 Respublikas\u0131n\u0131n Prezidenti R\u0259c\u0259b Tayyib \u018frdo\u011fan\u0131n Nax\u00e7\u0131vana s\u0259f\u0259rinin \u0259h\u0259miyy\u0259tin\u0259 toxunuldu.<\/p>\n<p>G\u00f6r\u00fc\u015fd\u0259 Az\u0259rbaycan\u0131n \u00f6t\u0259n ay h\u0259yata ke\u00e7irdiyi antiterror t\u0259dbirl\u0259ri n\u0259tic\u0259sind\u0259 \u00f6lk\u0259mizin suverenliyinin tam b\u0259rpa olundu\u011fu x\u00fcsusi qeyd edildi.<\/p>\n<p>S\u00f6hb\u0259t zaman\u0131 Ya\u015far G\u00fcl\u0259rin Az\u0259rbaycana s\u0259f\u0259rinin \u0259laq\u0259l\u0259rimizin inki\u015faf\u0131na, o c\u00fcml\u0259d\u0259n h\u0259rbi sah\u0259d\u0259 \u0259m\u0259kda\u015fl\u0131\u011f\u0131n m\u00f6hk\u0259ml\u0259ndirilm\u0259si i\u015fin\u0259 xidm\u0259t etdiyi bildirildi, \u0259m\u0259kda\u015fl\u0131\u011f\u0131n perspektivl\u0259ri \u0259traf\u0131nda fikir m\u00fcbadil\u0259si apar\u0131ld\u0131.<\/p>\n<\/p><\/div>\n<p><script>\n        (function (d, s, id) {\n            var js, fjs = d.getElementsByTagName(s)[0];\n            if (d.getElementById(id)) return;\n            js = d.createElement(s);\n            js.id = id;\n            js.src = \"\/\/connect.facebook.net\/az_AZ\/sdk.js#xfbml=1&version=v2.7&appId=\";\n            fjs.parentNode.insertBefore(js, fjs);\n        }(document, 'script', 'facebook-jssdk'));\n    <\/script><\/p>\n","protected":false},"excerpt":{"rendered":"<p>Az\u0259rbaycan Respublikas\u0131n\u0131n Prezidenti \u0130lham \u018fliyev oktyabr\u0131n 24-d\u0259 T\u00fcrkiy\u0259 Respublikas\u0131n\u0131n milli m\u00fcdafi\u0259 naziri Ya\u015far G\u00fcl\u0259ri q\u0259bul edib. Millinews.az x\u0259b\u0259r verir ki, g\u00f6r\u00fc\u015fd\u0259 Az\u0259rbaycan il\u0259 T\u00fcrkiy\u0259 aras\u0131nda dostluq v\u0259 qarda\u015fl\u0131q m\u00fcnasib\u0259tl\u0259rinin b\u00fct\u00fcn istiqam\u0259tl\u0259rd\u0259 oldu\u011fu kimi, h\u0259rbi sah\u0259d\u0259 d\u0259 u\u011furla inki\u015faf etdiyi vur\u011fuland\u0131. Bu bax\u0131mdan \u00f6lk\u0259mizin m\u00fcxt\u0259lif yerl\u0259rind\u0259 &#8220;Mustafa Kamal Atat\u00fcrk &#8211; 2023&#8221; Az\u0259rbaycan-T\u00fcrkiy\u0259 birg\u0259 taktiki t\u0259liminin ke\u00e7irilm\u0259sind\u0259n, &hellip;<\/p>\n","protected":false},"author":1,"featured_media":4601,"comment_status":"open","ping_status":"closed","sticky":false,"template":"","format":"standard","meta":{"footnotes":""},"categories":[9],"tags":[],"class_list":["post-4600","post","type-post","status-publish","format-standard","has-post-thumbnail","hentry","category-xeber"],"_links":{"self":[{"href":"https:\/\/millitv.net\/index.php?rest_route=\/wp\/v2\/posts\/4600","targetHints":{"allow":["GET"]}}],"collection":[{"href":"https:\/\/millitv.net\/index.php?rest_route=\/wp\/v2\/posts"}],"about":[{"href":"https:\/\/millitv.net\/index.php?rest_route=\/wp\/v2\/types\/post"}],"author":[{"embeddable":true,"href":"https:\/\/millitv.net\/index.php?rest_route=\/wp\/v2\/users\/1"}],"replies":[{"embeddable":true,"href":"https:\/\/millitv.net\/index.php?rest_route=%2Fwp%2Fv2%2Fcomments&post=4600"}],"version-history":[{"count":0,"href":"https:\/\/millitv.net\/index.php?rest_route=\/wp\/v2\/posts\/4600\/revisions"}],"wp:featuredmedia":[{"embeddable":true,"href":"https:\/\/millitv.net\/index.php?rest_route=\/wp\/v2\/media\/4601"}],"wp:attachment":[{"href":"https:\/\/millitv.net\/index.php?rest_route=%2Fwp%2Fv2%2Fmedia&parent=4600"}],"wp:term":[{"taxonomy":"category","embeddable":true,"href":"https:\/\/millitv.net\/index.php?rest_route=%2Fwp%2Fv2%2Fcategories&post=4600"},{"taxonomy":"post_tag","embeddable":true,"href":"https:\/\/millitv.net\/index.php?rest_route=%2Fwp%2Fv2%2Ftags&post=4600"}],"curies":[{"name":"wp","href":"https:\/\/api.w.org\/{rel}","templated":true}]}}