{"id":4598,"date":"2023-10-24T11:44:00","date_gmt":"2023-10-24T11:44:00","guid":{"rendered":"https:\/\/millinews.az\/xeber\/vaqif-xacatryan-az%C9%99rbaycan-xalqindan-uzr-istedi\/"},"modified":"2023-10-24T11:44:00","modified_gmt":"2023-10-24T11:44:00","slug":"vaqif-xacatryan-az%C9%99rbaycan-xalqindan-uzr-istedi","status":"publish","type":"post","link":"https:\/\/millitv.net\/?p=4598","title":{"rendered":"Vaqif Xa\u00e7atryan Az\u0259rbaycan xalq\u0131ndan \u00dcZR \u0130ST\u018fD\u0130"},"content":{"rendered":"<div id=\"maincontent\">&#13;<br \/>\n        &#13;<\/p>\n<p><strong>\u201cVaqif Xa\u00e7atryan, qarda\u015f\u0131 v\u0259 dig\u0259rl\u0259ri Me\u015f\u0259li k\u0259ndin\u0259 h\u00fccum etmi\u015fdil\u0259r. Vaqif orada olmad\u0131\u011f\u0131n\u0131 yalandan deyir\u201d.<\/strong><\/p>\n<p><a href=\"https:\/\/Millinews.az\" target=\"_blank\" class=\"kw-link\" rel=\"noopener\">Millinews.az<\/a> Report-a istinad\u0259n x\u0259b\u0259r verir ki, bunu qanunsuz erm\u0259ni silahl\u0131 birl\u0259\u015fm\u0259l\u0259rinin t\u0259rkibind\u0259 1991-ci il dekabr\u0131n 22-d\u0259 Xocal\u0131 rayonunun Me\u015f\u0259li k\u0259ndind\u0259 soyq\u0131r\u0131m\u0131 t\u00f6r\u0259tm\u0259kd\u0259 t\u0259qsirl\u0259ndiril\u0259n Vaqif Xa\u00e7atryan\u0131n m\u0259hk\u0259m\u0259sind\u0259 i\u015f \u00fczr\u0259 z\u0259r\u0259r\u00e7\u0259kmi\u015f qismind\u0259 ifad\u0259 ver\u0259n \u00c7\u0259rk\u0259z Mehr\u0259liyev deyib. &#13;\n<\/p>\n<p>O, erm\u0259nil\u0259rin k\u0259nd\u0259 h\u00fccumu n\u0259tic\u0259sind\u0259 anas\u0131n\u0131n, bac\u0131s\u0131n\u0131n v\u0259 q\u0131z\u0131n\u0131n x\u0259sar\u0259t ald\u0131\u011f\u0131n\u0131 s\u00f6yl\u0259yib: \u201cOnlar dinc \u0259haliy\u0259 h\u00fccum etmi\u015fdil\u0259r. Vaqif, qarda\u015f\u0131 v\u0259 dig\u0259rl\u0259ri d\u0259 orada idi. Onlar\u0131n az\u0259rbaycanl\u0131lara nifr\u0259t edirdil\u0259r. Erm\u0259nil\u0259r deyirdil\u0259r ki, torpaq, k\u0259nd bizimdir v\u0259 buradan \u00e7\u0131x\u0131b gedin. Yaylaqda d\u0259rman verib mal-qaram\u0131z\u0131 da q\u0131rm\u0131\u015fd\u0131lar\u201d.<\/p>\n<p>Vaqif Xa\u00e7atryan m\u0259hk\u0259m\u0259d\u0259 g\u00fcnahs\u0131z oldu\u011funu deyib: \u201cD\u0259d\u0259min ad\u0131 da \u00c7\u0259rk\u0259z olub. M\u0259n he\u00e7 kim\u0259 he\u00e7 n\u0259 etm\u0259mi\u015f\u0259m\u201d.<\/p>\n<p>Z\u0259r\u0259r\u00e7\u0259kmi\u015f is\u0259 ona cavab verib: \u201cS\u0259n yalandan dan\u0131\u015f\u0131rsan. Niy\u0259 edirdiniz? Bizd\u0259n siz\u0259 qar\u015f\u0131 g\u00fcll\u0259 atan olub?<\/p>\n<p>Prosesd\u0259 Ba\u015f prokurorun b\u00f6y\u00fck k\u00f6m\u0259k\u00e7isi, 3-c\u00fc d\u0259r\u0259c\u0259li d\u00f6vl\u0259t \u0259dliyy\u0259 m\u00fc\u015faviri M\u00fcq\u0259dd\u0259s Sultanov Vaqif Xa\u00e7atryana sual verib: \u201cSiz burada ifad\u0259l\u0259rinizd\u0259 orada olmad\u0131\u011f\u0131n\u0131z\u0131 deyirsiniz. T\u0259klikd\u0259 olan zaman n\u0259l\u0259rd\u0259s\u0259 \u00f6z\u00fcn\u00fcz\u00fc g\u00fcnahkar bilirsinizmi?\u201d<\/p>\n<p>Vaqif Xa\u00e7atryan is\u0259 suala cavab\u0131nda s\u00f6yl\u0259yib: \u201cM\u0259n bizimkil\u0259r t\u0259r\u0259fd\u0259n olanlara g\u00f6r\u0259 Az\u0259rbaycan xalq\u0131ndan \u00fczr ist\u0259yir\u0259m\u201d.&#13;<br \/>\n        &#13;<br \/>\n&#13;<br \/>\n        &#13;<br \/>\n&#13;\n        <\/p>\n<p><noscript><\/p>\n<p>You must enable Javascript on your browser for the site to work optimally and display sections completely.<\/p>\n<p><\/noscript>\t\t&#13;<br \/>\n\t\t&#13;\n    <\/div>\n<p><script type=\"text\/javascript\">jQuery(document).ready(function () {\n(function(d, s, id) {\n    var js, fjs = d.getElementsByTagName(s)[0];\n    if (d.getElementById(id))\n        return;\n    js = d.createElement(s);\n    js.id = id;\n    js.src = \"\/\/connect.facebook.net\/az_AZ\/all.js#xfbml=1&appId=1002485763137712\";\n    fjs.parentNode.insertBefore(js, fjs);\n}(document, 'script', 'facebook-jssdk'));                \n});<\/script><\/p>\n","protected":false},"excerpt":{"rendered":"<p>&#13; &#13; \u201cVaqif Xa\u00e7atryan, qarda\u015f\u0131 v\u0259 dig\u0259rl\u0259ri Me\u015f\u0259li k\u0259ndin\u0259 h\u00fccum etmi\u015fdil\u0259r. Vaqif orada olmad\u0131\u011f\u0131n\u0131 yalandan deyir\u201d. Millinews.az Report-a istinad\u0259n x\u0259b\u0259r verir ki, bunu qanunsuz erm\u0259ni silahl\u0131 birl\u0259\u015fm\u0259l\u0259rinin t\u0259rkibind\u0259 1991-ci il dekabr\u0131n 22-d\u0259 Xocal\u0131 rayonunun Me\u015f\u0259li k\u0259ndind\u0259 soyq\u0131r\u0131m\u0131 t\u00f6r\u0259tm\u0259kd\u0259 t\u0259qsirl\u0259ndiril\u0259n Vaqif Xa\u00e7atryan\u0131n m\u0259hk\u0259m\u0259sind\u0259 i\u015f \u00fczr\u0259 z\u0259r\u0259r\u00e7\u0259kmi\u015f qismind\u0259 ifad\u0259 ver\u0259n \u00c7\u0259rk\u0259z Mehr\u0259liyev deyib. &#13; O, erm\u0259nil\u0259rin k\u0259nd\u0259 &hellip;<\/p>\n","protected":false},"author":1,"featured_media":4599,"comment_status":"open","ping_status":"closed","sticky":false,"template":"","format":"standard","meta":{"footnotes":""},"categories":[9],"tags":[],"class_list":["post-4598","post","type-post","status-publish","format-standard","has-post-thumbnail","hentry","category-xeber"],"_links":{"self":[{"href":"https:\/\/millitv.net\/index.php?rest_route=\/wp\/v2\/posts\/4598","targetHints":{"allow":["GET"]}}],"collection":[{"href":"https:\/\/millitv.net\/index.php?rest_route=\/wp\/v2\/posts"}],"about":[{"href":"https:\/\/millitv.net\/index.php?rest_route=\/wp\/v2\/types\/post"}],"author":[{"embeddable":true,"href":"https:\/\/millitv.net\/index.php?rest_route=\/wp\/v2\/users\/1"}],"replies":[{"embeddable":true,"href":"https:\/\/millitv.net\/index.php?rest_route=%2Fwp%2Fv2%2Fcomments&post=4598"}],"version-history":[{"count":0,"href":"https:\/\/millitv.net\/index.php?rest_route=\/wp\/v2\/posts\/4598\/revisions"}],"wp:featuredmedia":[{"embeddable":true,"href":"https:\/\/millitv.net\/index.php?rest_route=\/wp\/v2\/media\/4599"}],"wp:attachment":[{"href":"https:\/\/millitv.net\/index.php?rest_route=%2Fwp%2Fv2%2Fmedia&parent=4598"}],"wp:term":[{"taxonomy":"category","embeddable":true,"href":"https:\/\/millitv.net\/index.php?rest_route=%2Fwp%2Fv2%2Fcategories&post=4598"},{"taxonomy":"post_tag","embeddable":true,"href":"https:\/\/millitv.net\/index.php?rest_route=%2Fwp%2Fv2%2Ftags&post=4598"}],"curies":[{"name":"wp","href":"https:\/\/api.w.org\/{rel}","templated":true}]}}