{"id":4552,"date":"2023-10-24T09:58:52","date_gmt":"2023-10-24T09:58:52","guid":{"rendered":"https:\/\/millinews.az\/xeber\/on-minl%C9%99rl%C9%99-qadin-bas-nazir%C9%99-qosularaq-kuc%C9%99l%C9%99r%C9%99-cixacaq-ki\/"},"modified":"2023-10-24T09:58:52","modified_gmt":"2023-10-24T09:58:52","slug":"on-minl%C9%99rl%C9%99-qadin-bas-nazir%C9%99-qosularaq-kuc%C9%99l%C9%99r%C9%99-cixacaq-ki","status":"publish","type":"post","link":"https:\/\/millitv.net\/?p=4552","title":{"rendered":"On minl\u0259rl\u0259 qad\u0131n Ba\u015f nazir\u0259 qo\u015fularaq k\u00fc\u00e7\u0259l\u0259r\u0259 \u00e7\u0131xacaq ki&#8230;"},"content":{"rendered":"<p><img decoding=\"async\" src=\"https:\/\/Millinews.az\/storage\/2023\/10\/24\/izlanda-basbakani-katrin-jakobsdottir-1661350_1.jpg\" alt=\"\" title=\"\"><\/p>\n<div id=\"mvp-content-main\">\n<p><strong>\u0130slandiyada ba\u015f nazir Katrin Yakobsdottir d\u0259 daxil olmaqla on minl\u0259rl\u0259 qad\u0131n gender \u0259sasl\u0131 maa\u015f b\u0259rab\u0259rsizliyin\u0259 etiraz etm\u0259k \u00fc\u00e7\u00fcn sabah 48 ild\u0259n sonra ilk d\u0259f\u0259 tam t\u0259til ed\u0259c\u0259kl\u0259r. <\/strong><\/p>\n<p><strong><a target=\"_blank\" href=\"https:\/\/Millinews.az\" rel=\"noopener\">Millinews.az<\/a><\/strong> &#8220;The Guardian&#8221;a istinad\u0259n x\u0259b\u0259r verir ki, \u0130slandiyan\u0131n h\u0259r yerind\u0259 on minl\u0259rl\u0259 qad\u0131n v\u0259 bir \u00e7ox f\u0259rqli fikird\u0259n olan insan\u0131n i\u015ftirak\u0131 il\u0259 ke\u00e7iril\u0259c\u0259k t\u0259til, gender \u0259sasl\u0131 maa\u015f \u0259dal\u0259tsizliyin\u0259 etiraz etm\u0259k v\u0259 cinsiyy\u0259t\u0259 \u0259saslanan zorak\u0131l\u0131\u011fa diqq\u0259t \u00e7\u0259km\u0259k m\u0259qs\u0259di da\u015f\u0131y\u0131r.<\/p>\n<p>Paytaxt Reykyavikin m\u0259rk\u0259zind\u0259 ke\u00e7iril\u0259c\u0259k t\u0259til \u00e7\u0259r\u00e7iv\u0259sind\u0259 \u0259n az 25 min adam\u0131n i\u015ftirak\u0131 g\u00f6zl\u0259nil\u0259rk\u0259n, \u00f6lk\u0259 \u00fczr\u0259 ke\u00e7iril\u0259c\u0259k 10 m\u00fcxt\u0259lif t\u0259dbird\u0259 daha \u00e7ox i\u015ftirak\u00e7\u0131n\u0131n olaca\u011f\u0131 t\u0259xmin edilir. T\u0259xmin\u0259n 40 t\u0259\u015fkilat\u0131n bir araya g\u0259l\u0259r\u0259k t\u0259\u015fkil etdiyi &#8220;Siz buna b\u0259rab\u0259rlik deyirsiniz?&#8221; \u015f\u00fcar\u0131 il\u0259 edil\u0259c\u0259k i\u015fi dayand\u0131rma h\u0259r\u0259kat\u0131na ba\u015f nazir Yakobsdottir d\u0259 daxil olmaqla m\u00fcxt\u0259lif pe\u015f\u0259l\u0259rd\u0259n \u00e7oxlu islandiyal\u0131 qad\u0131n qat\u0131lacaq.<\/p>\n<p>T\u0259till\u0259 ba\u011fl\u0131 \u0130slandiya m\u0259tbuat\u0131na a\u00e7\u0131qlama ver\u0259n Ba\u015f nazir Yakobsdottir, ba\u015f nazirlik ofisinin sabah t\u0259til\u0259 \u00e7\u0131xaca\u011f\u0131n\u0131 bildir\u0259r\u0259k, &#8220;\u0130lk n\u00f6vb\u0259d\u0259 islandiyal\u0131 qad\u0131nlarla h\u0259mr\u0259ylik n\u00fcmayi\u015f etdirir\u0259m&#8221;,- dey\u0259 bildirib.<\/p>\n<p>\u0130slandiya D\u00f6vl\u0259t \u0130\u015f\u00e7il\u0259ri Federasiyas\u0131n\u0131n kommunikasiyalar \u00fczr\u0259 direktoru v\u0259 t\u0259tilin t\u0259\u015fkilat\u00e7\u0131lar\u0131ndan biri Freya Steinqrimsdottir \u0130slandiyada b\u0259zi pe\u015f\u0259 qruplar\u0131nda qad\u0131nlar\u0131n h\u0259l\u0259 d\u0259 ki\u015fil\u0259rd\u0259n y\u00fczd\u0259 21 daha az qazand\u0131\u011f\u0131n\u0131 ifad\u0259 edib. T\u0259til t\u0259\u015fkilat\u00e7\u0131lar\u0131 qeyd edibl\u0259r ki, qad\u0131nlarla \u0259laq\u0259l\u0259ndiril\u0259n t\u0259mizlik v\u0259 qulluq kimi pe\u015f\u0259l\u0259r laz\u0131mi s\u0259viyy\u0259d\u0259 qiym\u0259tl\u0259ndirilmir v\u0259 az maa\u015f verilir. \u0130slandiya qad\u0131nlar\u0131 ilk d\u0259f\u0259 1975-ci ild\u0259 t\u0259til elan etmi\u015fdil\u0259r.<\/p>\n<p>N\u0259zrin<\/p>\n<\/p><\/div>\n<p><script>\n        (function (d, s, id) {\n            var js, fjs = d.getElementsByTagName(s)[0];\n            if (d.getElementById(id)) return;\n            js = d.createElement(s);\n            js.id = id;\n            js.src = \"\/\/connect.facebook.net\/az_AZ\/sdk.js#xfbml=1&version=v2.7&appId=\";\n            fjs.parentNode.insertBefore(js, fjs);\n        }(document, 'script', 'facebook-jssdk'));\n    <\/script><\/p>\n","protected":false},"excerpt":{"rendered":"<p>\u0130slandiyada ba\u015f nazir Katrin Yakobsdottir d\u0259 daxil olmaqla on minl\u0259rl\u0259 qad\u0131n gender \u0259sasl\u0131 maa\u015f b\u0259rab\u0259rsizliyin\u0259 etiraz etm\u0259k \u00fc\u00e7\u00fcn sabah 48 ild\u0259n sonra ilk d\u0259f\u0259 tam t\u0259til ed\u0259c\u0259kl\u0259r. Millinews.az &#8220;The Guardian&#8221;a istinad\u0259n x\u0259b\u0259r verir ki, \u0130slandiyan\u0131n h\u0259r yerind\u0259 on minl\u0259rl\u0259 qad\u0131n v\u0259 bir \u00e7ox f\u0259rqli fikird\u0259n olan insan\u0131n i\u015ftirak\u0131 il\u0259 ke\u00e7iril\u0259c\u0259k t\u0259til, gender \u0259sasl\u0131 maa\u015f \u0259dal\u0259tsizliyin\u0259 &hellip;<\/p>\n","protected":false},"author":1,"featured_media":4553,"comment_status":"open","ping_status":"closed","sticky":false,"template":"","format":"standard","meta":{"footnotes":""},"categories":[9],"tags":[],"class_list":["post-4552","post","type-post","status-publish","format-standard","has-post-thumbnail","hentry","category-xeber"],"_links":{"self":[{"href":"https:\/\/millitv.net\/index.php?rest_route=\/wp\/v2\/posts\/4552","targetHints":{"allow":["GET"]}}],"collection":[{"href":"https:\/\/millitv.net\/index.php?rest_route=\/wp\/v2\/posts"}],"about":[{"href":"https:\/\/millitv.net\/index.php?rest_route=\/wp\/v2\/types\/post"}],"author":[{"embeddable":true,"href":"https:\/\/millitv.net\/index.php?rest_route=\/wp\/v2\/users\/1"}],"replies":[{"embeddable":true,"href":"https:\/\/millitv.net\/index.php?rest_route=%2Fwp%2Fv2%2Fcomments&post=4552"}],"version-history":[{"count":0,"href":"https:\/\/millitv.net\/index.php?rest_route=\/wp\/v2\/posts\/4552\/revisions"}],"wp:featuredmedia":[{"embeddable":true,"href":"https:\/\/millitv.net\/index.php?rest_route=\/wp\/v2\/media\/4553"}],"wp:attachment":[{"href":"https:\/\/millitv.net\/index.php?rest_route=%2Fwp%2Fv2%2Fmedia&parent=4552"}],"wp:term":[{"taxonomy":"category","embeddable":true,"href":"https:\/\/millitv.net\/index.php?rest_route=%2Fwp%2Fv2%2Fcategories&post=4552"},{"taxonomy":"post_tag","embeddable":true,"href":"https:\/\/millitv.net\/index.php?rest_route=%2Fwp%2Fv2%2Ftags&post=4552"}],"curies":[{"name":"wp","href":"https:\/\/api.w.org\/{rel}","templated":true}]}}