{"id":4534,"date":"2023-10-24T09:18:49","date_gmt":"2023-10-24T09:18:49","guid":{"rendered":"https:\/\/millinews.az\/xeber\/olk%C9%99-t%C9%99%C9%99ccub-icind%C9%99-bas-nazir-isini-buraxib-etiraza-qosuldu\/"},"modified":"2023-10-24T09:18:49","modified_gmt":"2023-10-24T09:18:49","slug":"olk%C9%99-t%C9%99%C9%99ccub-icind%C9%99-bas-nazir-isini-buraxib-etiraza-qosuldu","status":"publish","type":"post","link":"https:\/\/millitv.net\/?p=4534","title":{"rendered":"\u00d6lk\u0259 t\u0259\u0259cc\u00fcb i\u00e7ind\u0259 &#8211; Ba\u015f nazir i\u015fini burax\u0131b etiraza qo\u015fuldu"},"content":{"rendered":"<div id=\"maincontent\">&#13;<br \/>\n        &#13;<\/p>\n<p><strong>\u0130slandiyada ba\u015f nazir Katrin Yakobsdottir d\u0259 daxil olmaqla on minl\u0259rl\u0259 qad\u0131n gender \u0259sasl\u0131 maa\u015f b\u0259rab\u0259rsizliyin\u0259 etiraz etm\u0259k \u00fc\u00e7\u00fcn 48 ild\u0259n sonra ilk d\u0259f\u0259 t\u0259til elan edibl\u0259r.<\/strong><\/p>\n<p> <a href=\"https:\/\/Millinews.az\" target=\"_blank\" class=\"kw-link\" rel=\"noopener\">Millinews.az<\/a> x\u0259b\u0259r verir ki, onlar i\u015fl\u0259rini tam dayand\u0131rmaq q\u0259rar\u0131n\u0131 veribl\u0259r. &#8220;The Guardian&#8221; q\u0259zetinin yazd\u0131\u011f\u0131na g\u00f6r\u0259, \u0130slandiyan\u0131n m\u00fcxt\u0259lif \u015f\u0259h\u0259rl\u0259rind\u0259n on minl\u0259rl\u0259 qad\u0131n\u0131n i\u015ftirak\u0131 il\u0259 ke\u00e7iril\u0259c\u0259k t\u0259til\u0259 paytaxt Reykjavikd\u0259 25 min etiraz\u00e7\u0131 qat\u0131lacaq. \u00d6lk\u0259nin m\u00fcxt\u0259lif yerl\u0259rind\u0259 10 n\u00fcmayi\u015f t\u0259t\u015fkil edilir. T\u0259til 40 t\u0259\u015fkilat t\u0259r\u0259find\u0259n t\u0259\u015fkil edilib. T\u0259till\u0259 ba\u011fl\u0131 \u0130slandiya m\u0259tbuat\u0131na a\u00e7\u0131qlama ver\u0259n ba\u015f nazir Yakobsdottir, ba\u015f nazirlik ofisinin t\u0259til\u0259 \u00e7\u0131xaca\u011f\u0131n\u0131 bildir\u0259r\u0259k, &#8220;\u0130lk n\u00f6vb\u0259d\u0259 islandiyal\u0131 qad\u0131nlarla h\u0259mr\u0259ylik n\u00fcmayi\u015f etdirir\u0259m&#8221; dey\u0259 qeyd edib.  &#13;<br \/>\n&#13;<br \/>\n        &#13;<br \/>\n&#13;<br \/>\n        &#13;<br \/>\n&#13;\n        <\/p>\n<p><noscript><\/p>\n<p>You must enable Javascript on your browser for the site to work optimally and display sections completely.<\/p>\n<p><\/noscript>\t\t&#13;<br \/>\n\t\t&#13;\n    <\/div>\n<p><script type=\"text\/javascript\">jQuery(document).ready(function () {\n(function(d, s, id) {\n    var js, fjs = d.getElementsByTagName(s)[0];\n    if (d.getElementById(id))\n        return;\n    js = d.createElement(s);\n    js.id = id;\n    js.src = \"\/\/connect.facebook.net\/az_AZ\/all.js#xfbml=1&appId=1002485763137712\";\n    fjs.parentNode.insertBefore(js, fjs);\n}(document, 'script', 'facebook-jssdk'));                \n});<\/script><\/p>\n","protected":false},"excerpt":{"rendered":"<p>&#13; &#13; \u0130slandiyada ba\u015f nazir Katrin Yakobsdottir d\u0259 daxil olmaqla on minl\u0259rl\u0259 qad\u0131n gender \u0259sasl\u0131 maa\u015f b\u0259rab\u0259rsizliyin\u0259 etiraz etm\u0259k \u00fc\u00e7\u00fcn 48 ild\u0259n sonra ilk d\u0259f\u0259 t\u0259til elan edibl\u0259r. Millinews.az x\u0259b\u0259r verir ki, onlar i\u015fl\u0259rini tam dayand\u0131rmaq q\u0259rar\u0131n\u0131 veribl\u0259r. &#8220;The Guardian&#8221; q\u0259zetinin yazd\u0131\u011f\u0131na g\u00f6r\u0259, \u0130slandiyan\u0131n m\u00fcxt\u0259lif \u015f\u0259h\u0259rl\u0259rind\u0259n on minl\u0259rl\u0259 qad\u0131n\u0131n i\u015ftirak\u0131 il\u0259 ke\u00e7iril\u0259c\u0259k t\u0259til\u0259 paytaxt Reykjavikd\u0259 &hellip;<\/p>\n","protected":false},"author":1,"featured_media":4535,"comment_status":"open","ping_status":"closed","sticky":false,"template":"","format":"standard","meta":{"footnotes":""},"categories":[9],"tags":[],"class_list":["post-4534","post","type-post","status-publish","format-standard","has-post-thumbnail","hentry","category-xeber"],"_links":{"self":[{"href":"https:\/\/millitv.net\/index.php?rest_route=\/wp\/v2\/posts\/4534","targetHints":{"allow":["GET"]}}],"collection":[{"href":"https:\/\/millitv.net\/index.php?rest_route=\/wp\/v2\/posts"}],"about":[{"href":"https:\/\/millitv.net\/index.php?rest_route=\/wp\/v2\/types\/post"}],"author":[{"embeddable":true,"href":"https:\/\/millitv.net\/index.php?rest_route=\/wp\/v2\/users\/1"}],"replies":[{"embeddable":true,"href":"https:\/\/millitv.net\/index.php?rest_route=%2Fwp%2Fv2%2Fcomments&post=4534"}],"version-history":[{"count":0,"href":"https:\/\/millitv.net\/index.php?rest_route=\/wp\/v2\/posts\/4534\/revisions"}],"wp:featuredmedia":[{"embeddable":true,"href":"https:\/\/millitv.net\/index.php?rest_route=\/wp\/v2\/media\/4535"}],"wp:attachment":[{"href":"https:\/\/millitv.net\/index.php?rest_route=%2Fwp%2Fv2%2Fmedia&parent=4534"}],"wp:term":[{"taxonomy":"category","embeddable":true,"href":"https:\/\/millitv.net\/index.php?rest_route=%2Fwp%2Fv2%2Fcategories&post=4534"},{"taxonomy":"post_tag","embeddable":true,"href":"https:\/\/millitv.net\/index.php?rest_route=%2Fwp%2Fv2%2Ftags&post=4534"}],"curies":[{"name":"wp","href":"https:\/\/api.w.org\/{rel}","templated":true}]}}