{"id":4530,"date":"2023-10-24T09:08:49","date_gmt":"2023-10-24T09:08:49","guid":{"rendered":"https:\/\/millinews.az\/xeber\/xank%C9%99ndid%C9%99-6-saatliq-qapali-gorusd%C9%99-niy%C9%99-dava-dusub\/"},"modified":"2023-10-24T09:08:49","modified_gmt":"2023-10-24T09:08:49","slug":"xank%C9%99ndid%C9%99-6-saatliq-qapali-gorusd%C9%99-niy%C9%99-dava-dusub","status":"publish","type":"post","link":"https:\/\/millitv.net\/?p=4530","title":{"rendered":"Xank\u0259ndid\u0259 6 saatl\u0131q qapal\u0131 g\u00f6r\u00fc\u015fd\u0259 niy\u0259 dava d\u00fc\u015f\u00fcb?"},"content":{"rendered":"<p><img decoding=\"async\" src=\"https:\/\/Millinews.az\/storage\/2023\/10\/02\/separatcilar.png\" alt=\"\" title=\"\"><\/p>\n<div id=\"mvp-content-main\">\n<p><strong>Erm\u0259nistan medias\u0131 Qaraba\u011fda l\u0259\u011fv edil\u0259n separat\u00e7\u0131 rejiml\u0259 ba\u011fl\u0131 sirl\u0259ri yayma\u011fa ba\u015flay\u0131b.<\/strong><\/p>\n<p><a target=\"_blank\" href=\"https:\/\/Millinews.az\" rel=\"noopener\">Millinews.az<\/a> x\u0259b\u0259r verir ki, bel\u0259 m\u0259lumatlardan biri haz\u0131rda Bak\u0131da h\u0259bsd\u0259 olan Araik Arutyunyan\u0131n qondarma rejimin \u201cr\u0259hb\u0259rliyind\u0259n\u201d \u201cistefa\u201d verm\u0259sind\u0259n \u00f6nc\u0259 Xank\u0259ndid\u0259 ke\u00e7iril\u0259n 6 saatl\u0131q qapal\u0131 g\u00f6r\u00fc\u015fl\u0259 ba\u011fl\u0131d\u0131r.<\/p>\n<p>\u201c\u0130ravunk\u201d n\u0259\u015fri Araik Arutyunyan, separat\u00e7\u0131lar\u0131n ke\u00e7mi\u015f \u201cr\u0259hb\u0259rl\u0259ri\u201d \u2013 Arkadi Qukasyan v\u0259 Bako Saakyan \u2013 el\u0259c\u0259 d\u0259, Samvel Babayan\u0131n i\u015ftirak etdiyi 6 saatl\u0131q g\u00f6r\u00fc\u015f\u00fcn t\u0259f\u0259rr\u00fcatlar\u0131 il\u0259 ba\u011fl\u0131 m\u0259lumat \u0259ld\u0259 edib.<\/p>\n<p>\u201cM\u0259lumatl\u0131 m\u0259nb\u0259l\u0259rin bildirdiyin\u0259 g\u00f6r\u0259, Samvel Babayan h\u0259min vaxt m\u00f6vcud olan a\u011f\u0131r v\u0259ziyy\u0259ti 30 il \u0259rzind\u0259 h\u0259yata ke\u00e7iril\u0259n talana v\u0259 korrupsiyaya g\u00f6r\u0259 oldu\u011funu deyib. Arkadi Qukasyan da onun \u0259m\u0259ll\u0259rind\u0259n dan\u0131\u015f\u0131b. \u201cHe\u00e7 olmasa, talan\u00e7\u0131l\u0131qdan dan\u0131\u015fma, otur yerin\u0259\u201d deyib. G\u00f6r\u00fc\u015fd\u0259 qar\u015f\u0131durma ya\u015fan\u0131b, daha sonra Babayan sakitc\u0259 oturub\u201d, &#8211; n\u0259\u015fr qeyd edir.<\/p>\n<p><strong>Asif<\/strong><br \/>&#13;<br \/>\n<!--[if !supportLineBreakNewLine]--><br \/>&#13;<br \/>\n<!--[endif]--><\/p>\n<\/p><\/div>\n<p><script>\n        (function (d, s, id) {\n            var js, fjs = d.getElementsByTagName(s)[0];\n            if (d.getElementById(id)) return;\n            js = d.createElement(s);\n            js.id = id;\n            js.src = \"\/\/connect.facebook.net\/az_AZ\/sdk.js#xfbml=1&version=v2.7&appId=\";\n            fjs.parentNode.insertBefore(js, fjs);\n        }(document, 'script', 'facebook-jssdk'));\n    <\/script><\/p>\n","protected":false},"excerpt":{"rendered":"<p>Erm\u0259nistan medias\u0131 Qaraba\u011fda l\u0259\u011fv edil\u0259n separat\u00e7\u0131 rejiml\u0259 ba\u011fl\u0131 sirl\u0259ri yayma\u011fa ba\u015flay\u0131b. Millinews.az x\u0259b\u0259r verir ki, bel\u0259 m\u0259lumatlardan biri haz\u0131rda Bak\u0131da h\u0259bsd\u0259 olan Araik Arutyunyan\u0131n qondarma rejimin \u201cr\u0259hb\u0259rliyind\u0259n\u201d \u201cistefa\u201d verm\u0259sind\u0259n \u00f6nc\u0259 Xank\u0259ndid\u0259 ke\u00e7iril\u0259n 6 saatl\u0131q qapal\u0131 g\u00f6r\u00fc\u015fl\u0259 ba\u011fl\u0131d\u0131r. \u201c\u0130ravunk\u201d n\u0259\u015fri Araik Arutyunyan, separat\u00e7\u0131lar\u0131n ke\u00e7mi\u015f \u201cr\u0259hb\u0259rl\u0259ri\u201d \u2013 Arkadi Qukasyan v\u0259 Bako Saakyan \u2013 el\u0259c\u0259 d\u0259, Samvel Babayan\u0131n &hellip;<\/p>\n","protected":false},"author":1,"featured_media":4531,"comment_status":"open","ping_status":"closed","sticky":false,"template":"","format":"standard","meta":{"footnotes":""},"categories":[9],"tags":[],"class_list":["post-4530","post","type-post","status-publish","format-standard","has-post-thumbnail","hentry","category-xeber"],"_links":{"self":[{"href":"https:\/\/millitv.net\/index.php?rest_route=\/wp\/v2\/posts\/4530","targetHints":{"allow":["GET"]}}],"collection":[{"href":"https:\/\/millitv.net\/index.php?rest_route=\/wp\/v2\/posts"}],"about":[{"href":"https:\/\/millitv.net\/index.php?rest_route=\/wp\/v2\/types\/post"}],"author":[{"embeddable":true,"href":"https:\/\/millitv.net\/index.php?rest_route=\/wp\/v2\/users\/1"}],"replies":[{"embeddable":true,"href":"https:\/\/millitv.net\/index.php?rest_route=%2Fwp%2Fv2%2Fcomments&post=4530"}],"version-history":[{"count":0,"href":"https:\/\/millitv.net\/index.php?rest_route=\/wp\/v2\/posts\/4530\/revisions"}],"wp:featuredmedia":[{"embeddable":true,"href":"https:\/\/millitv.net\/index.php?rest_route=\/wp\/v2\/media\/4531"}],"wp:attachment":[{"href":"https:\/\/millitv.net\/index.php?rest_route=%2Fwp%2Fv2%2Fmedia&parent=4530"}],"wp:term":[{"taxonomy":"category","embeddable":true,"href":"https:\/\/millitv.net\/index.php?rest_route=%2Fwp%2Fv2%2Fcategories&post=4530"},{"taxonomy":"post_tag","embeddable":true,"href":"https:\/\/millitv.net\/index.php?rest_route=%2Fwp%2Fv2%2Ftags&post=4530"}],"curies":[{"name":"wp","href":"https:\/\/api.w.org\/{rel}","templated":true}]}}