{"id":4522,"date":"2023-10-24T08:52:28","date_gmt":"2023-10-24T08:52:28","guid":{"rendered":"https:\/\/millinews.az\/xeber\/barselona-v%C9%99-realin-ikinci-arda-savasi-yeni-mbappe-s%C9%99s-saldi\/"},"modified":"2023-10-24T08:52:28","modified_gmt":"2023-10-24T08:52:28","slug":"barselona-v%C9%99-realin-ikinci-arda-savasi-yeni-mbappe-s%C9%99s-saldi","status":"publish","type":"post","link":"https:\/\/millitv.net\/?p=4522","title":{"rendered":"&#8220;Barselona&#8221; v\u0259 &#8220;Real&#8221;\u0131n ikinci Arda sava\u015f\u0131: Yeni Mbappe s\u0259s sald\u0131"},"content":{"rendered":"<div id=\"maincontent\">&#13;<br \/>\n        &#13;<\/p>\n<p><strong>Fransa futbolunun son d\u00f6vrl\u0259rin \u0259n diqq\u0259t \u00e7\u0259k\u0259n g\u0259nc istedadlar\u0131ndan olan Junior Kroupi b\u00f6y\u00fck klublar\u0131n diqq\u0259tini c\u0259lb edib. <\/strong>&#13;\n<\/p>\n<p><a href=\"https:\/\/Millinews.az\" target=\"_blank\" class=\"kw-link\" rel=\"noopener\">Millinews.az<\/a> x\u0259b\u0259r verir ki, futbol\u00e7unu transfer etm\u0259k \u00fc\u00e7\u00fcn \u201cReal Madrid\u201d v\u0259 \u201cBarselona\u201d klublar\u0131 da maraqlan\u0131r. \u201cReal Madrid \u201cv\u0259 \u201cBarselona\u201dn\u0131n Arda G\u00fclerd\u0259n sonra Junior Kroupi \u00fc\u00e7\u00fcn \u00fcz-\u00fcz\u0259 g\u0259ldiyi iddia edilib. Fransan\u0131n \u201cFoot01\u201d q\u0259zetinin m\u0259lumat\u0131na g\u00f6r\u0259,  \u201cLorient\u201dd\u0259 oynayan v\u0259 Kilian Mbappe il\u0259 m\u00fcqayis\u0259 edil\u0259n Eli Junior Kroupi u\u011furlu oyunu il\u0259 diqq\u0259t \u00e7\u0259kir. <\/p>\n<p>17 ya\u015fl\u0131 yar\u0131m\u00fcd\u0259fi\u0259\u00e7i Liqa 1 kimi \u00e7\u0259tin liqada \u00fc\u00e7 qol v\u0259 iki m\u0259hsuldar \u00f6t\u00fcrm\u0259 il\u0259 diqq\u0259t \u00e7\u0259km\u0259yi bacar\u0131b.<span\/>&#13;<br \/>\n        &#13;<br \/>\n&#13;<br \/>\n        &#13;<br \/>\n&#13;\n        <\/p>\n<p><noscript><\/p>\n<p>You must enable Javascript on your browser for the site to work optimally and display sections completely.<\/p>\n<p><\/noscript>\t\t&#13;<br \/>\n\t\t&#13;\n    <\/div>\n<p><script type=\"text\/javascript\">jQuery(document).ready(function () {\n(function(d, s, id) {\n    var js, fjs = d.getElementsByTagName(s)[0];\n    if (d.getElementById(id))\n        return;\n    js = d.createElement(s);\n    js.id = id;\n    js.src = \"\/\/connect.facebook.net\/az_AZ\/all.js#xfbml=1&appId=1002485763137712\";\n    fjs.parentNode.insertBefore(js, fjs);\n}(document, 'script', 'facebook-jssdk'));                \n$('.fancybox').fancybox();\n});<\/script><\/p>\n","protected":false},"excerpt":{"rendered":"<p>&#13; &#13; Fransa futbolunun son d\u00f6vrl\u0259rin \u0259n diqq\u0259t \u00e7\u0259k\u0259n g\u0259nc istedadlar\u0131ndan olan Junior Kroupi b\u00f6y\u00fck klublar\u0131n diqq\u0259tini c\u0259lb edib. &#13; Millinews.az x\u0259b\u0259r verir ki, futbol\u00e7unu transfer etm\u0259k \u00fc\u00e7\u00fcn \u201cReal Madrid\u201d v\u0259 \u201cBarselona\u201d klublar\u0131 da maraqlan\u0131r. \u201cReal Madrid \u201cv\u0259 \u201cBarselona\u201dn\u0131n Arda G\u00fclerd\u0259n sonra Junior Kroupi \u00fc\u00e7\u00fcn \u00fcz-\u00fcz\u0259 g\u0259ldiyi iddia edilib. Fransan\u0131n \u201cFoot01\u201d q\u0259zetinin m\u0259lumat\u0131na g\u00f6r\u0259, \u201cLorient\u201dd\u0259 &hellip;<\/p>\n","protected":false},"author":1,"featured_media":4523,"comment_status":"open","ping_status":"closed","sticky":false,"template":"","format":"standard","meta":{"footnotes":""},"categories":[9],"tags":[],"class_list":["post-4522","post","type-post","status-publish","format-standard","has-post-thumbnail","hentry","category-xeber"],"_links":{"self":[{"href":"https:\/\/millitv.net\/index.php?rest_route=\/wp\/v2\/posts\/4522","targetHints":{"allow":["GET"]}}],"collection":[{"href":"https:\/\/millitv.net\/index.php?rest_route=\/wp\/v2\/posts"}],"about":[{"href":"https:\/\/millitv.net\/index.php?rest_route=\/wp\/v2\/types\/post"}],"author":[{"embeddable":true,"href":"https:\/\/millitv.net\/index.php?rest_route=\/wp\/v2\/users\/1"}],"replies":[{"embeddable":true,"href":"https:\/\/millitv.net\/index.php?rest_route=%2Fwp%2Fv2%2Fcomments&post=4522"}],"version-history":[{"count":0,"href":"https:\/\/millitv.net\/index.php?rest_route=\/wp\/v2\/posts\/4522\/revisions"}],"wp:featuredmedia":[{"embeddable":true,"href":"https:\/\/millitv.net\/index.php?rest_route=\/wp\/v2\/media\/4523"}],"wp:attachment":[{"href":"https:\/\/millitv.net\/index.php?rest_route=%2Fwp%2Fv2%2Fmedia&parent=4522"}],"wp:term":[{"taxonomy":"category","embeddable":true,"href":"https:\/\/millitv.net\/index.php?rest_route=%2Fwp%2Fv2%2Fcategories&post=4522"},{"taxonomy":"post_tag","embeddable":true,"href":"https:\/\/millitv.net\/index.php?rest_route=%2Fwp%2Fv2%2Ftags&post=4522"}],"curies":[{"name":"wp","href":"https:\/\/api.w.org\/{rel}","templated":true}]}}