{"id":4508,"date":"2023-10-24T08:15:52","date_gmt":"2023-10-24T08:15:52","guid":{"rendered":"https:\/\/millinews.az\/xeber\/prezident-ilham-eliyev-isvecr%C9%99nin-yeni-s%C9%99firini-q%C9%99bul-edib\/"},"modified":"2023-10-24T08:15:52","modified_gmt":"2023-10-24T08:15:52","slug":"prezident-ilham-eliyev-isvecr%C9%99nin-yeni-s%C9%99firini-q%C9%99bul-edib","status":"publish","type":"post","link":"https:\/\/millitv.net\/?p=4508","title":{"rendered":"Prezident \u0130lham \u018fliyev \u0130sve\u00e7r\u0259nin yeni s\u0259firini q\u0259bul edib"},"content":{"rendered":"<div id=\"maincontent\">&#13;<br \/>\n        &#13;<\/p>\n<p><strong>Az\u0259rbaycan Respublikas\u0131n\u0131n Prezidenti \u0130lham \u018fliyev oktyabr\u0131n 24-d\u0259 \u0130sve\u00e7r\u0259 Konfederasiyas\u0131n\u0131n \u00f6lk\u0259mizd\u0259 yeni t\u0259yin olunmu\u015f f\u00f6vq\u0259lad\u0259 v\u0259 s\u0259lahiyy\u0259tli s\u0259firi Tomas \u015etelin etimadnam\u0259sini q\u0259bul edib.<\/strong><\/p>\n<p><a href=\"https:\/\/Millinews.az\" target=\"_blank\" class=\"kw-link\" rel=\"noopener\">Millinews.az<\/a> x\u0259b\u0259r verir ki, s\u0259fir etimadnam\u0259sini Prezident \u0130lham \u018fliyev\u0259 t\u0259qdim edib. &#13;\n<\/p>\n<p>Sonra d\u00f6vl\u0259t ba\u015f\u00e7\u0131s\u0131 s\u0259firl\u0259 s\u00f6hb\u0259t edib.<\/p>\n<p>Az\u0259rbaycan Prezidenti ikit\u0259r\u0259fli m\u00fcnasib\u0259tl\u0259rimizin ist\u0259r siyasi, ist\u0259rs\u0259 d\u0259 iqtisadi sah\u0259l\u0259rd\u0259 u\u011furla inki\u015faf etdiyini bildir\u0259r\u0259k, \u00f6z\u00fcn\u00fcn D\u00fcnya \u0130qtisadi Forumuna s\u0259f\u0259rl\u0259ri zaman\u0131 \u0130sve\u00e7r\u0259nin d\u00f6vl\u0259t ba\u015f\u00e7\u0131lar\u0131 il\u0259 m\u00fct\u0259madi g\u00f6r\u00fc\u015fl\u0259rinin \u0259m\u0259kda\u015fl\u0131\u011f\u0131n m\u00fczakir\u0259si bax\u0131m\u0131ndan \u00f6n\u0259mini qeyd edib.<\/p>\n<p>Ticar\u0259t, iqtisadiyyat, energetika sah\u0259l\u0259rind\u0259 \u0259m\u0259kda\u015fl\u0131\u011f\u0131n s\u0259viyy\u0259sind\u0259n m\u0259mnunlu\u011funu bildir\u0259n Prezident \u0130lham \u018fliyev \u0130sve\u00e7r\u0259 \u015firk\u0259tl\u0259rinin Az\u0259rbaycanda u\u011furlu f\u0259aliyy\u0259tin\u0259 toxunub, onlar\u0131n i\u015f\u011faldan azad edilmi\u015f \u0259razil\u0259rimizd\u0259 yenid\u0259nqurma layih\u0259l\u0259ri il\u0259 ba\u011fl\u0131 f\u0259al i\u015fl\u0259dikl\u0259rini vur\u011fulay\u0131b v\u0259 bu istiqam\u0259td\u0259 yax\u015f\u0131 \u0259m\u0259kda\u015fl\u0131\u011f\u0131n oldu\u011funu bildirib.<\/p>\n<p>D\u00f6vl\u0259t ba\u015f\u00e7\u0131s\u0131 i\u015f\u011faldan azad edilmi\u015f \u0259razil\u0259rd\u0259 insanlar\u0131n rahat ya\u015famas\u0131 \u00fc\u00e7\u00fcn m\u00fcasir texnologiya, ya\u015f\u0131l enerji, a\u011f\u0131ll\u0131 k\u0259nd konsepsiyalar\u0131n\u0131n h\u0259yata ke\u00e7irildiyini dey\u0259r\u0259k, bunlar\u0131n \u0259m\u0259kda\u015fl\u0131\u011f\u0131m\u0131zda yeni istiqam\u0259tl\u0259r yaratd\u0131\u011f\u0131n\u0131 vur\u011fulay\u0131b.<\/p>\n<p>Az\u0259rbaycan Prezidenti, eyni zamanda, SOCAR-\u0131n \u0130sve\u00e7r\u0259d\u0259ki f\u0259aliyy\u0259tini, \u0130sve\u00e7r\u0259 \u015firk\u0259tl\u0259rinin Az\u0259rbaycan iqtisadiyyat\u0131na investisiya qoymas\u0131n\u0131 biznes sah\u0259sind\u0259 \u0259laq\u0259l\u0259rimizin yax\u015f\u0131 g\u00f6st\u0259ricisi kimi d\u0259y\u0259rl\u0259ndirib.<\/p>\n<p>Prezident \u0130lham \u018fliyev qar\u015f\u0131dan g\u0259l\u0259n ill\u0259rd\u0259 \u0259m\u0259kda\u015fl\u0131\u011f\u0131n daha da geni\u015fl\u0259n\u0259c\u0259yin\u0259 v\u0259 g\u00fccl\u00fc t\u0259r\u0259fda\u015fl\u0131q \u0259laq\u0259l\u0259rinin h\u0259yata ke\u00e7iril\u0259c\u0259yin\u0259 \u00fcmidvar oldu\u011funu bildirib.<\/p>\n<p>S\u0259fir ilk n\u00f6vb\u0259d\u0259 Qaraba\u011fa s\u0259f\u0259rin\u0259 toxunaraq, orada ged\u0259n yenid\u0259nqurma i\u015fl\u0259ri il\u0259 tan\u0131\u015f oldu\u011funu qeyd edib, \u0130sve\u00e7r\u0259 \u015firk\u0259tl\u0259rini buraya d\u0259v\u0259t etm\u0259k ist\u0259yind\u0259 oldu\u011funu deyib.<\/p>\n<p>\u00dcmumiyy\u0259tl\u0259, Az\u0259rbaycan iqtisadiyyat\u0131n\u0131n inki\u015faf\u0131nda \u0130sve\u00e7r\u0259 \u015firk\u0259tl\u0259rinin f\u0259al i\u015ftirak etdiyini bildir\u0259n Tomas \u015etel bu sah\u0259d\u0259 \u0259m\u0259kda\u015fl\u0131\u011f\u0131n geni\u015fl\u0259ndirilm\u0259si \u00fc\u00e7\u00fcn yax\u015f\u0131 potensial\u0131n oldu\u011funu vur\u011fulay\u0131b.<\/p>\n<p>Az\u0259rbaycan il\u0259 art\u0131q 20 il\u0259 yax\u0131nd\u0131r ki, \u0259m\u0259kda\u015fl\u0131q proqram\u0131n\u0131n h\u0259yata ke\u00e7irildiyini bildir\u0259n s\u0259fir \u0130sve\u00e7r\u0259 \u015firk\u0259tl\u0259rinin Az\u0259rbaycanda makro-iqtisadi sah\u0259d\u0259, el\u0259c\u0259 d\u0259 maliyy\u0259 v\u0259 \u00f6z\u0259l sektorlar\u0131n inki\u015faf\u0131ndak\u0131 f\u0259aliyy\u0259tl\u0259rini m\u0259mnunluqla qeyd edib.<\/p>\n<p>***<\/p>\n<p><strong>11:19<\/strong><\/p>\n<p><strong>Az\u0259rbaycan Respublikas\u0131n\u0131n Prezidenti \u0130lham \u018fliyev oktyabr\u0131n 24-d\u0259 Latviya Respublikas\u0131n\u0131n \u00f6lk\u0259mizd\u0259 yeni t\u0259yin olunmu\u015f f\u00f6vq\u0259lad\u0259 v\u0259 s\u0259lahiyy\u0259tli s\u0259firi Edqars Skuyan\u0131n etimadnam\u0259sini q\u0259bul edib.<\/strong><\/p>\n<p><a href=\"https:\/\/Millinews.az\" target=\"_blank\" class=\"kw-link\" rel=\"noopener\">Millinews.az<\/a> x\u0259b\u0259r verir ki, bu bar\u0259d\u0259 Prezidentin M\u0259tbuat Xidm\u0259ti m\u0259lumat yay\u0131b.&#13;<br \/>\n        &#13;<br \/>\n&#13;<br \/>\n        &#13;<br \/>\n&#13;\n        <\/p>\n<p><noscript><\/p>\n<p>You must enable Javascript on your browser for the site to work optimally and display sections completely.<\/p>\n<p><\/noscript>\t\t&#13;<br \/>\n\t\t&#13;\n    <\/div>\n<p><script type=\"text\/javascript\">jQuery(document).ready(function () {\n(function(d, s, id) {\n    var js, fjs = d.getElementsByTagName(s)[0];\n    if (d.getElementById(id))\n        return;\n    js = d.createElement(s);\n    js.id = id;\n    js.src = \"\/\/connect.facebook.net\/az_AZ\/all.js#xfbml=1&appId=1002485763137712\";\n    fjs.parentNode.insertBefore(js, fjs);\n}(document, 'script', 'facebook-jssdk'));                \n});<\/script><\/p>\n","protected":false},"excerpt":{"rendered":"<p>&#13; &#13; Az\u0259rbaycan Respublikas\u0131n\u0131n Prezidenti \u0130lham \u018fliyev oktyabr\u0131n 24-d\u0259 \u0130sve\u00e7r\u0259 Konfederasiyas\u0131n\u0131n \u00f6lk\u0259mizd\u0259 yeni t\u0259yin olunmu\u015f f\u00f6vq\u0259lad\u0259 v\u0259 s\u0259lahiyy\u0259tli s\u0259firi Tomas \u015etelin etimadnam\u0259sini q\u0259bul edib. Millinews.az x\u0259b\u0259r verir ki, s\u0259fir etimadnam\u0259sini Prezident \u0130lham \u018fliyev\u0259 t\u0259qdim edib. &#13; Sonra d\u00f6vl\u0259t ba\u015f\u00e7\u0131s\u0131 s\u0259firl\u0259 s\u00f6hb\u0259t edib. Az\u0259rbaycan Prezidenti ikit\u0259r\u0259fli m\u00fcnasib\u0259tl\u0259rimizin ist\u0259r siyasi, ist\u0259rs\u0259 d\u0259 iqtisadi sah\u0259l\u0259rd\u0259 u\u011furla inki\u015faf etdiyini &hellip;<\/p>\n","protected":false},"author":1,"featured_media":4509,"comment_status":"open","ping_status":"closed","sticky":false,"template":"","format":"standard","meta":{"footnotes":""},"categories":[9],"tags":[],"class_list":["post-4508","post","type-post","status-publish","format-standard","has-post-thumbnail","hentry","category-xeber"],"_links":{"self":[{"href":"https:\/\/millitv.net\/index.php?rest_route=\/wp\/v2\/posts\/4508","targetHints":{"allow":["GET"]}}],"collection":[{"href":"https:\/\/millitv.net\/index.php?rest_route=\/wp\/v2\/posts"}],"about":[{"href":"https:\/\/millitv.net\/index.php?rest_route=\/wp\/v2\/types\/post"}],"author":[{"embeddable":true,"href":"https:\/\/millitv.net\/index.php?rest_route=\/wp\/v2\/users\/1"}],"replies":[{"embeddable":true,"href":"https:\/\/millitv.net\/index.php?rest_route=%2Fwp%2Fv2%2Fcomments&post=4508"}],"version-history":[{"count":0,"href":"https:\/\/millitv.net\/index.php?rest_route=\/wp\/v2\/posts\/4508\/revisions"}],"wp:featuredmedia":[{"embeddable":true,"href":"https:\/\/millitv.net\/index.php?rest_route=\/wp\/v2\/media\/4509"}],"wp:attachment":[{"href":"https:\/\/millitv.net\/index.php?rest_route=%2Fwp%2Fv2%2Fmedia&parent=4508"}],"wp:term":[{"taxonomy":"category","embeddable":true,"href":"https:\/\/millitv.net\/index.php?rest_route=%2Fwp%2Fv2%2Fcategories&post=4508"},{"taxonomy":"post_tag","embeddable":true,"href":"https:\/\/millitv.net\/index.php?rest_route=%2Fwp%2Fv2%2Ftags&post=4508"}],"curies":[{"name":"wp","href":"https:\/\/api.w.org\/{rel}","templated":true}]}}