{"id":4496,"date":"2023-10-24T07:50:01","date_gmt":"2023-10-24T07:50:01","guid":{"rendered":"https:\/\/millinews.az\/xeber\/az%C9%99rbaycana-qarsi-t%C9%99zyiql%C9%99r-daha-da-artacaq\/"},"modified":"2023-10-24T07:50:01","modified_gmt":"2023-10-24T07:50:01","slug":"az%C9%99rbaycana-qarsi-t%C9%99zyiql%C9%99r-daha-da-artacaq","status":"publish","type":"post","link":"https:\/\/millitv.net\/?p=4496","title":{"rendered":"Az\u0259rbaycana qar\u015f\u0131 t\u0259zyiql\u0259r daha da artacaq"},"content":{"rendered":"<p><img decoding=\"async\" src=\"https:\/\/Millinews.az\/storage\/2020\/09\/12\/siyavush_novruzov_240820.jpg\" alt=\"\" title=\"\"><\/p>\n<div id=\"mvp-content-main\">\n<p><strong>\u201c3+3\u201d formatl\u0131 g\u00f6r\u00fc\u015fd\u0259n sonra Az\u0259rbaycana qar\u015f\u0131 t\u0259zyiql\u0259r daha da artacaq.<\/strong><\/p>\n<p><strong><a target=\"_blank\" href=\"https:\/\/Millinews.az\" rel=\"noopener\">Millinews.az<\/a> <\/strong>x\u0259b\u0259r verir ki, bunu Milli M\u0259clisin bu g\u00fcn ke\u00e7iril\u0259n iclas\u0131nda deputat Siyavu\u015f Novruzov deyib.<\/p>\n<p>O qeyd edib ki, Tehranda Az\u0259rbaycan, T\u00fcrkiy\u0259, Rusiya, \u0130ran, G\u00fcrc\u00fcstan, Erm\u0259nistan\u0131n i\u015ftirak\u0131 il\u0259 \u201c3+3\u201d format\u0131nda ba\u015f tutan g\u00f6r\u00fc\u015fd\u0259n sonra b\u00f6lg\u0259 il\u0259 ba\u011fl\u0131 f\u0259rqli fikirl\u0259r s\u0259sl\u0259nir:<\/p>\n<p>\u201c\u0130ndi bir \u00e7ox Q\u0259rb dair\u0259l\u0259ri m\u0259hz bundan narahat olma\u011fa ba\u015flay\u0131b. Ona g\u00f6r\u0259 d\u0259, biz bu t\u0259zyiql\u0259r\u0259 qar\u015f\u0131 daha da m\u00fct\u0259\u015f\u0259kkil olmal\u0131y\u0131q\u201d.<\/p>\n<\/p><\/div>\n<p><script>\n        (function (d, s, id) {\n            var js, fjs = d.getElementsByTagName(s)[0];\n            if (d.getElementById(id)) return;\n            js = d.createElement(s);\n            js.id = id;\n            js.src = \"\/\/connect.facebook.net\/az_AZ\/sdk.js#xfbml=1&version=v2.7&appId=\";\n            fjs.parentNode.insertBefore(js, fjs);\n        }(document, 'script', 'facebook-jssdk'));\n    <\/script><\/p>\n","protected":false},"excerpt":{"rendered":"<p>\u201c3+3\u201d formatl\u0131 g\u00f6r\u00fc\u015fd\u0259n sonra Az\u0259rbaycana qar\u015f\u0131 t\u0259zyiql\u0259r daha da artacaq. Millinews.az x\u0259b\u0259r verir ki, bunu Milli M\u0259clisin bu g\u00fcn ke\u00e7iril\u0259n iclas\u0131nda deputat Siyavu\u015f Novruzov deyib. O qeyd edib ki, Tehranda Az\u0259rbaycan, T\u00fcrkiy\u0259, Rusiya, \u0130ran, G\u00fcrc\u00fcstan, Erm\u0259nistan\u0131n i\u015ftirak\u0131 il\u0259 \u201c3+3\u201d format\u0131nda ba\u015f tutan g\u00f6r\u00fc\u015fd\u0259n sonra b\u00f6lg\u0259 il\u0259 ba\u011fl\u0131 f\u0259rqli fikirl\u0259r s\u0259sl\u0259nir: \u201c\u0130ndi bir \u00e7ox Q\u0259rb dair\u0259l\u0259ri &hellip;<\/p>\n","protected":false},"author":1,"featured_media":4497,"comment_status":"open","ping_status":"closed","sticky":false,"template":"","format":"standard","meta":{"footnotes":""},"categories":[9],"tags":[],"class_list":["post-4496","post","type-post","status-publish","format-standard","has-post-thumbnail","hentry","category-xeber"],"_links":{"self":[{"href":"https:\/\/millitv.net\/index.php?rest_route=\/wp\/v2\/posts\/4496","targetHints":{"allow":["GET"]}}],"collection":[{"href":"https:\/\/millitv.net\/index.php?rest_route=\/wp\/v2\/posts"}],"about":[{"href":"https:\/\/millitv.net\/index.php?rest_route=\/wp\/v2\/types\/post"}],"author":[{"embeddable":true,"href":"https:\/\/millitv.net\/index.php?rest_route=\/wp\/v2\/users\/1"}],"replies":[{"embeddable":true,"href":"https:\/\/millitv.net\/index.php?rest_route=%2Fwp%2Fv2%2Fcomments&post=4496"}],"version-history":[{"count":0,"href":"https:\/\/millitv.net\/index.php?rest_route=\/wp\/v2\/posts\/4496\/revisions"}],"wp:featuredmedia":[{"embeddable":true,"href":"https:\/\/millitv.net\/index.php?rest_route=\/wp\/v2\/media\/4497"}],"wp:attachment":[{"href":"https:\/\/millitv.net\/index.php?rest_route=%2Fwp%2Fv2%2Fmedia&parent=4496"}],"wp:term":[{"taxonomy":"category","embeddable":true,"href":"https:\/\/millitv.net\/index.php?rest_route=%2Fwp%2Fv2%2Fcategories&post=4496"},{"taxonomy":"post_tag","embeddable":true,"href":"https:\/\/millitv.net\/index.php?rest_route=%2Fwp%2Fv2%2Ftags&post=4496"}],"curies":[{"name":"wp","href":"https:\/\/api.w.org\/{rel}","templated":true}]}}