{"id":4486,"date":"2023-10-24T07:28:40","date_gmt":"2023-10-24T07:28:40","guid":{"rendered":"https:\/\/millinews.az\/xeber\/ataturku-oynayan-m%C9%99shur-15-d%C9%99qiq%C9%99-ozum%C9%99-g%C9%99l%C9%99-bilm%C9%99dim\/"},"modified":"2023-10-24T07:28:40","modified_gmt":"2023-10-24T07:28:40","slug":"ataturku-oynayan-m%C9%99shur-15-d%C9%99qiq%C9%99-ozum%C9%99-g%C9%99l%C9%99-bilm%C9%99dim","status":"publish","type":"post","link":"https:\/\/millitv.net\/?p=4486","title":{"rendered":"Atat\u00fcrk\u00fc oynayan m\u0259\u015fhur: &#8220;15 d\u0259qiq\u0259 \u00f6z\u00fcm\u0259 g\u0259l\u0259 bilm\u0259dim&#8221;"},"content":{"rendered":"<p><img decoding=\"async\" src=\"https:\/\/Millinews.az\/storage\/2023\/10\/24\/film1.jpg\" alt=\"\" title=\"\"><\/p>\n<div id=\"mvp-content-main\">\n<p><strong>\u00d6t\u0259n gec\u0259 \u0130stanbulda Atat\u00fcrkd\u0259n b\u0259hs ed\u0259n iki filmin premyeras\u0131 ke\u00e7irilib. <\/strong><\/p>\n<p><strong><a target=\"_blank\" href=\"https:\/\/Millinews.az\" rel=\"noopener\">Millinews.az<\/a><\/strong> T\u00fcrkiy\u0259 medias\u0131na istinad\u0259n x\u0259b\u0259r verir ki, \u201cSon \u015fam yem\u0259yi\u201d oktyabr\u0131n 27-d\u0259, \u201cAtat\u00fcrk 1881-1919\u201d is\u0259 oktyabr\u0131n 29-da ekranlara \u00e7\u0131xacaq.<\/p>\n<p>Aras Bulut \u0130ynemlinin Mustafa Kamal Atat\u00fcrk\u00fc canland\u0131rd\u0131\u011f\u0131 \u201cAtat\u00fcrk 1881-1919\u201d filminin qala gec\u0259si Atat\u00fcrk M\u0259d\u0259niyy\u0259t M\u0259rk\u0259zind\u0259 (AKM) ke\u00e7irilib. Premyeraya \u0130ynemli, Song\u00fcl \u00d6zden, Mehmet G\u00fcns\u00fcr, Sarp Akkaya, Berk Cihat v\u0259 Esra Bilgi\u00e7, h\u0259m\u00e7inin rejissor Mehmet Ada \u00d6ztekin, ssenarist Necati \u015eahin, prod\u00fcserl\u0259r Saner Ayar, Hakan Karamahmuto\u011flu v\u0259 ba\u015fqalar\u0131 qat\u0131l\u0131b. M\u0259tbuat m\u0259nsublar\u0131n\u0131n suallar\u0131n\u0131 cavabland\u0131ran ba\u015f rol ifa\u00e7\u0131s\u0131 \u0130ynemli \u00e7\u0259kili\u015f meydan\u00e7as\u0131nda ya\u015fad\u0131qlar\u0131ndan dan\u0131\u015f\u0131b.<\/p>\n<p>&#8220;H\u0259qiq\u0259t\u0259n \u00e7ox h\u0259y\u0259canl\u0131yam, &#8220;h\u0259y\u0259canl\u0131 deyil\u0259m&#8221; kimi davrana bilm\u0259y\u0259c\u0259m. D\u00fcnyan\u0131n \u0259n n\u00fcfuzlu liderl\u0259rind\u0259n birinin hekay\u0259sini anlatd\u0131q. Cumhuriyy\u0259tin 100-ci ilind\u0259 Mustafa Kamal Atat\u00fcrk\u00fcn g\u0259ncliyini oynamaq kimi bir \u015fans qazand\u0131m. T\u0259k bir motivasiyam var idi, layiq ola bilm\u0259k.<\/p>\n<p>\u00c7\u00fcnki bu m\u00f6vzular he\u00e7 bir zaman tam olmayacaq, he\u00e7 bir zaman h\u0259sr\u0259timizi qar\u015f\u0131lamayacaq. Layiq ola bilm\u0259k \u00fc\u00e7\u00fcn h\u0259qiq\u0259t\u0259n \u00e7ox \u00e7al\u0131\u015fd\u0131q. \u0130ki yar\u0131m illlik \u0259m\u0259yin n\u0259tic\u0259sidir ki, burda qar\u015f\u0131n\u0131zday\u0131q. \u0130ndi n\u00f6vb\u0259 izl\u0259yicil\u0259rd\u0259dir, \u00fcmid edir\u0259m ki, \u0259limizd\u0259n g\u0259l\u0259ni etdiyimizi g\u00f6st\u0259r\u0259 bil\u0259rik&#8221;, &#8211; Aras Bulut \u0130ynemli qeyd edib.<\/p>\n<p>Gelibolu d\u00f6y\u00fc\u015f\u00fc s\u0259hn\u0259sind\u0259 \u00e7\u0259kili\u015f meydan\u00e7as\u0131nda \u00e7ox \u00e7\u0259tinlik \u00e7\u0259kdiyini qeyd ed\u0259n \u0130ynemli bu s\u0259hn\u0259l\u0259rin a\u011f\u0131r oldu\u011funu vur\u011fulay\u0131b:<\/p>\n<p>&#8220;O s\u0259hn\u0259ni \u00e7\u0259km\u0259zd\u0259n \u0259vv\u0259l 15 d\u0259qiq\u0259 \u00f6z\u00fcm\u0259 g\u0259l\u0259 bilm\u0259dim. D\u00fc\u015f\u00fcn\u00fcr\u0259m ki, bu s\u0259hn\u0259l\u0259r ikinci filmd\u0259 yer al\u0131b. Orada g\u00f6r\u0259c\u0259ksiniz&#8221;.<\/p>\n<p><iframe loading=\"lazy\" title=\"Aras Bulut Iynemli Atat\u00fcrk k\u0131yafeti ile galada boy g\u00f6sterdi! Atat\u00fcrk filmi i\u00e7in ne dediler !!\" width=\"500\" height=\"281\" src=\"https:\/\/www.youtube.com\/embed\/zK4I3VDaSfU?feature=oembed\" frameborder=\"0\" allow=\"accelerometer; autoplay; clipboard-write; encrypted-media; gyroscope; picture-in-picture; web-share\" referrerpolicy=\"strict-origin-when-cross-origin\" allowfullscreen><\/iframe><\/p>\n<p>Qeyd ed\u0259k ki, layih\u0259nin \u0259vv\u0259lc\u0259 r\u0259q\u0259msal film v\u0259 serial platformas\u0131 &#8220;Disney Plus&#8221;da alt\u0131 b\u00f6l\u00fcmd\u0259n ibar\u0259t bir m\u00f6vs\u00fcml\u00fck serial kimi yay\u0131mlanmas\u0131 n\u0259z\u0259rd\u0259 tutulmu\u015fdu. Lakin erm\u0259ni diasporas\u0131n\u0131n t\u0259xribat\u0131 n\u0259tic\u0259sind\u0259 &#8220;Disney Plus&#8221; serial\u0131 yay\u0131mlamaqdan imtina etdi. Bundan sonra &#8220;Atat\u00fcrk 1881-1919&#8243;un q\u0131sald\u0131laraq iki hiss\u0259li film\u0259 \u00e7evrilm\u0259sin\u0259 q\u0259rar verildi. \u0130lk olaraq film oktyabr\u0131n 29-da &#8220;Fox tv&#8221;d\u0259 ki\u00e7ik bir hiss\u0259 il\u0259 tama\u015fa\u00e7\u0131lar\u0131n qar\u015f\u0131s\u0131na \u00e7\u0131xacaq. Daha sonra filmin birinci hiss\u0259si noyabr\u0131n 3-d\u0259, ikinci hiss\u0259si is\u0259 5 yanvar 2024-c\u00fc ild\u0259 n\u00fcmayi\u015f olunacaq.<\/p>\n<\/p><\/div>\n<p><script>\n        (function (d, s, id) {\n            var js, fjs = d.getElementsByTagName(s)[0];\n            if (d.getElementById(id)) return;\n            js = d.createElement(s);\n            js.id = id;\n            js.src = \"\/\/connect.facebook.net\/az_AZ\/sdk.js#xfbml=1&version=v2.7&appId=\";\n            fjs.parentNode.insertBefore(js, fjs);\n        }(document, 'script', 'facebook-jssdk'));\n    <\/script><\/p>\n","protected":false},"excerpt":{"rendered":"<p>\u00d6t\u0259n gec\u0259 \u0130stanbulda Atat\u00fcrkd\u0259n b\u0259hs ed\u0259n iki filmin premyeras\u0131 ke\u00e7irilib. Millinews.az T\u00fcrkiy\u0259 medias\u0131na istinad\u0259n x\u0259b\u0259r verir ki, \u201cSon \u015fam yem\u0259yi\u201d oktyabr\u0131n 27-d\u0259, \u201cAtat\u00fcrk 1881-1919\u201d is\u0259 oktyabr\u0131n 29-da ekranlara \u00e7\u0131xacaq. Aras Bulut \u0130ynemlinin Mustafa Kamal Atat\u00fcrk\u00fc canland\u0131rd\u0131\u011f\u0131 \u201cAtat\u00fcrk 1881-1919\u201d filminin qala gec\u0259si Atat\u00fcrk M\u0259d\u0259niyy\u0259t M\u0259rk\u0259zind\u0259 (AKM) ke\u00e7irilib. Premyeraya \u0130ynemli, Song\u00fcl \u00d6zden, Mehmet G\u00fcns\u00fcr, Sarp Akkaya, Berk &hellip;<\/p>\n","protected":false},"author":1,"featured_media":4487,"comment_status":"open","ping_status":"closed","sticky":false,"template":"","format":"standard","meta":{"footnotes":""},"categories":[9],"tags":[],"class_list":["post-4486","post","type-post","status-publish","format-standard","has-post-thumbnail","hentry","category-xeber"],"_links":{"self":[{"href":"https:\/\/millitv.net\/index.php?rest_route=\/wp\/v2\/posts\/4486","targetHints":{"allow":["GET"]}}],"collection":[{"href":"https:\/\/millitv.net\/index.php?rest_route=\/wp\/v2\/posts"}],"about":[{"href":"https:\/\/millitv.net\/index.php?rest_route=\/wp\/v2\/types\/post"}],"author":[{"embeddable":true,"href":"https:\/\/millitv.net\/index.php?rest_route=\/wp\/v2\/users\/1"}],"replies":[{"embeddable":true,"href":"https:\/\/millitv.net\/index.php?rest_route=%2Fwp%2Fv2%2Fcomments&post=4486"}],"version-history":[{"count":0,"href":"https:\/\/millitv.net\/index.php?rest_route=\/wp\/v2\/posts\/4486\/revisions"}],"wp:featuredmedia":[{"embeddable":true,"href":"https:\/\/millitv.net\/index.php?rest_route=\/wp\/v2\/media\/4487"}],"wp:attachment":[{"href":"https:\/\/millitv.net\/index.php?rest_route=%2Fwp%2Fv2%2Fmedia&parent=4486"}],"wp:term":[{"taxonomy":"category","embeddable":true,"href":"https:\/\/millitv.net\/index.php?rest_route=%2Fwp%2Fv2%2Fcategories&post=4486"},{"taxonomy":"post_tag","embeddable":true,"href":"https:\/\/millitv.net\/index.php?rest_route=%2Fwp%2Fv2%2Ftags&post=4486"}],"curies":[{"name":"wp","href":"https:\/\/api.w.org\/{rel}","templated":true}]}}