{"id":4480,"date":"2023-10-24T07:15:39","date_gmt":"2023-10-24T07:15:39","guid":{"rendered":"https:\/\/millinews.az\/xeber\/efsan%C9%99nin-agilli-v%C9%99-goz%C9%99l-qizi-t%C9%99hsil-alir-modellik-edir\/"},"modified":"2023-10-24T07:15:39","modified_gmt":"2023-10-24T07:15:39","slug":"efsan%C9%99nin-agilli-v%C9%99-goz%C9%99l-qizi-t%C9%99hsil-alir-modellik-edir","status":"publish","type":"post","link":"https:\/\/millitv.net\/?p=4480","title":{"rendered":"\u018ffsan\u0259nin a\u011f\u0131ll\u0131 v\u0259 g\u00f6z\u0259l q\u0131z\u0131: T\u0259hsil al\u0131r, modellik edir"},"content":{"rendered":"<div id=\"mvp-content-main\">\n<p><strong>Portuqaliya futbolunun \u0259fsan\u0259si Luis Fiqonun 3 q\u0131z\u0131 var. Onlardan b\u00f6y\u00fcy\u00fc &#8211; Daniela bu g\u00fcnl\u0259rd\u0259 \u0130spaniya m\u0259tbuat\u0131nda \u0259n \u00e7ox m\u00fczakir\u0259 edil\u0259n adlardan biridir.<\/strong><\/p>\n<p>Anas\u0131 Helen Svedin Skandinaviyadan oldu\u011fu \u00fc\u00e7\u00fcn o, yar\u0131 portuqal v\u0259 yar\u0131 isve\u00e7lidir. Daniela h\u0259m anas\u0131n\u0131n, h\u0259m d\u0259 atas\u0131n\u0131n soyad\u0131n\u0131 g\u00f6t\u00fcr\u00fcb.<\/p>\n<p><img loading=\"lazy\" decoding=\"async\" alt=\"\" height=\"603\" src=\"https:\/\/Millinews.az\/storage\/2023\/10\/24\/wwf2xuvdzqk.jpg\" width=\"700\" title=\"\"><\/p>\n<p><img loading=\"lazy\" decoding=\"async\" alt=\"\" height=\"620\" src=\"https:\/\/Millinews.az\/storage\/2023\/10\/24\/16106016776714.jpg\" width=\"700\" title=\"\"><\/p>\n<p>24 ya\u015fl\u0131 g\u00f6z\u0259l anas\u0131n\u0131n yolunu davam etdirir. O, Navarra Universitetind\u0259 tibb t\u0259hsili al\u0131r. Bununla b\u0259rab\u0259r modellik d\u0259 edir.<\/p>\n<p><img loading=\"lazy\" decoding=\"async\" alt=\"\" height=\"875\" src=\"https:\/\/Millinews.az\/storage\/2023\/10\/24\/oanli_j9fjo.jpg\" width=\"700\" title=\"\"><\/p>\n<p>Danieal Beltran Lozano adl\u0131 o\u011flanla sevgilidir. O, \u0130spaniya kral\u0131 VI Filipin qohumudur Beltraan h\u0259v\u0259skar qolf\u00e7u kimi d\u0259 tan\u0131n\u0131r.<\/p>\n<p><strong>Heyb\u0259t<\/strong><\/p>\n<p><img loading=\"lazy\" decoding=\"async\" alt=\"\" height=\"464\" src=\"https:\/\/Millinews.az\/storage\/2023\/10\/24\/mg0dat_yh3w.jpg\" width=\"620\" title=\"\"><\/p>\n<p><img loading=\"lazy\" decoding=\"async\" alt=\"\" height=\"771\" src=\"https:\/\/Millinews.az\/storage\/2023\/10\/24\/uglod_bphy8.jpg\" width=\"620\" title=\"\"><\/p>\n<p><img loading=\"lazy\" decoding=\"async\" alt=\"\" height=\"767\" src=\"https:\/\/Millinews.az\/storage\/2023\/10\/24\/vggoquwqtpk.jpg\" width=\"620\" title=\"\"><\/p>\n<p><img loading=\"lazy\" decoding=\"async\" alt=\"\" height=\"573\" src=\"https:\/\/Millinews.az\/storage\/2023\/10\/24\/3zijwn2k_zo.jpg\" width=\"620\" title=\"\"><\/p>\n<p><img loading=\"lazy\" decoding=\"async\" alt=\"\" height=\"875\" src=\"https:\/\/Millinews.az\/storage\/2023\/10\/24\/117772925_348811792811441_2422925592920305639_n.jpg\" width=\"700\" title=\"\"><\/p>\n<p><img loading=\"lazy\" decoding=\"async\" alt=\"\" height=\"872\" src=\"https:\/\/Millinews.az\/storage\/2023\/10\/24\/uw432pgsgaq.jpg\" width=\"700\" title=\"\"><\/p>\n<\/p><\/div>\n<p><script>\n        (function (d, s, id) {\n            var js, fjs = d.getElementsByTagName(s)[0];\n            if (d.getElementById(id)) return;\n            js = d.createElement(s);\n            js.id = id;\n            js.src = \"\/\/connect.facebook.net\/az_AZ\/sdk.js#xfbml=1&version=v2.7&appId=\";\n            fjs.parentNode.insertBefore(js, fjs);\n        }(document, 'script', 'facebook-jssdk'));\n    <\/script><\/p>\n","protected":false},"excerpt":{"rendered":"<p>Portuqaliya futbolunun \u0259fsan\u0259si Luis Fiqonun 3 q\u0131z\u0131 var. Onlardan b\u00f6y\u00fcy\u00fc &#8211; Daniela bu g\u00fcnl\u0259rd\u0259 \u0130spaniya m\u0259tbuat\u0131nda \u0259n \u00e7ox m\u00fczakir\u0259 edil\u0259n adlardan biridir. Anas\u0131 Helen Svedin Skandinaviyadan oldu\u011fu \u00fc\u00e7\u00fcn o, yar\u0131 portuqal v\u0259 yar\u0131 isve\u00e7lidir. Daniela h\u0259m anas\u0131n\u0131n, h\u0259m d\u0259 atas\u0131n\u0131n soyad\u0131n\u0131 g\u00f6t\u00fcr\u00fcb. 24 ya\u015fl\u0131 g\u00f6z\u0259l anas\u0131n\u0131n yolunu davam etdirir. O, Navarra Universitetind\u0259 tibb t\u0259hsili al\u0131r. &hellip;<\/p>\n","protected":false},"author":1,"featured_media":4481,"comment_status":"open","ping_status":"closed","sticky":false,"template":"","format":"standard","meta":{"footnotes":""},"categories":[9],"tags":[],"class_list":["post-4480","post","type-post","status-publish","format-standard","has-post-thumbnail","hentry","category-xeber"],"_links":{"self":[{"href":"https:\/\/millitv.net\/index.php?rest_route=\/wp\/v2\/posts\/4480","targetHints":{"allow":["GET"]}}],"collection":[{"href":"https:\/\/millitv.net\/index.php?rest_route=\/wp\/v2\/posts"}],"about":[{"href":"https:\/\/millitv.net\/index.php?rest_route=\/wp\/v2\/types\/post"}],"author":[{"embeddable":true,"href":"https:\/\/millitv.net\/index.php?rest_route=\/wp\/v2\/users\/1"}],"replies":[{"embeddable":true,"href":"https:\/\/millitv.net\/index.php?rest_route=%2Fwp%2Fv2%2Fcomments&post=4480"}],"version-history":[{"count":0,"href":"https:\/\/millitv.net\/index.php?rest_route=\/wp\/v2\/posts\/4480\/revisions"}],"wp:featuredmedia":[{"embeddable":true,"href":"https:\/\/millitv.net\/index.php?rest_route=\/wp\/v2\/media\/4481"}],"wp:attachment":[{"href":"https:\/\/millitv.net\/index.php?rest_route=%2Fwp%2Fv2%2Fmedia&parent=4480"}],"wp:term":[{"taxonomy":"category","embeddable":true,"href":"https:\/\/millitv.net\/index.php?rest_route=%2Fwp%2Fv2%2Fcategories&post=4480"},{"taxonomy":"post_tag","embeddable":true,"href":"https:\/\/millitv.net\/index.php?rest_route=%2Fwp%2Fv2%2Ftags&post=4480"}],"curies":[{"name":"wp","href":"https:\/\/api.w.org\/{rel}","templated":true}]}}