{"id":4468,"date":"2023-10-24T06:40:01","date_gmt":"2023-10-24T06:40:01","guid":{"rendered":"https:\/\/millinews.az\/xeber\/bayramov-tehranda-mirzoyanla-gorusdu-n%C9%99yi-muzakir%C9%99-edibl%C9%99r\/"},"modified":"2023-10-24T06:40:01","modified_gmt":"2023-10-24T06:40:01","slug":"bayramov-tehranda-mirzoyanla-gorusdu-n%C9%99yi-muzakir%C9%99-edibl%C9%99r","status":"publish","type":"post","link":"https:\/\/millitv.net\/?p=4468","title":{"rendered":"Bayramov Tehranda Mirzoyanla g\u00f6r\u00fc\u015fd\u00fc: n\u0259yi m\u00fczakir\u0259 edibl\u0259r?"},"content":{"rendered":"<p><img decoding=\"async\" src=\"https:\/\/Millinews.az\/storage\/2023\/10\/24\/bayramov-mirzoyan.jpg\" alt=\"\" title=\"\"><\/p>\n<div id=\"mvp-content-main\">\n<p><strong>Tehranda \u201c3+3\u201d format\u0131nda ke\u00e7iril\u0259n g\u00f6r\u00fc\u015f \u00e7\u0259r\u00e7iv\u0259sind\u0259 Az\u0259rbaycan v\u0259 Erm\u0259nistan xarici i\u015fl\u0259r nazirl\u0259ri Ceyhun Bayramov v\u0259 Ararat Mirzoyan aras\u0131nda g\u00f6r\u00fc\u015f ke\u00e7irilib. <\/strong><\/p>\n<p><strong><a target=\"_blank\" href=\"https:\/\/Millinews.az\" rel=\"noopener\">Millinews.az<\/a><\/strong> x\u0259b\u0259r verir ki, bu bar\u0259d\u0259 \u0130ran Xarici \u0130\u015fl\u0259r Nazirliyinin r\u0259hb\u0259ri H\u00fcseyn \u018fmir Abdullahiyan xarici i\u015fl\u0259r nazirl\u0259rinin g\u00f6r\u00fc\u015f\u00fcn\u00fcn n\u0259tic\u0259l\u0259rin\u0259 \u0259sas\u0259n bildirib.<\/p>\n<p>\u201cTehranda ke\u00e7iril\u0259n \u201c3+3\u201d g\u00f6r\u00fc\u015f\u00fc \u00e7\u0259r\u00e7iv\u0259sind\u0259 Ararat Mirzoyan v\u0259 Ceyhun Bayramov aras\u0131nda g\u00f6r\u00fc\u015f Erm\u0259nistan v\u0259 Az\u0259rbaycan aras\u0131nda s\u00fclh v\u0259 dostluq yolunda at\u0131lan add\u0131mlardan biridir.<\/p>\n<p>G\u00f6r\u00fc\u015f zaman\u0131 nazir m\u00fcavinl\u0259ri s\u00f6hb\u0259t etm\u0259k imkan\u0131 \u0259ld\u0259 edibl\u0259r.<\/p>\n<p>Bu g\u00f6r\u00fc\u015f C\u0259nubi Qafqazda sabitliyin v\u0259 t\u0259hl\u00fck\u0259sizliyin b\u0259rq\u0259rar olmas\u0131na k\u00f6m\u0259k ed\u0259c\u0259k\u201d, &#8211; iranl\u0131 diplomat qeyd edib.<\/p>\n<p>Tural<\/p>\n<\/p><\/div>\n<p><script>\n        (function (d, s, id) {\n            var js, fjs = d.getElementsByTagName(s)[0];\n            if (d.getElementById(id)) return;\n            js = d.createElement(s);\n            js.id = id;\n            js.src = \"\/\/connect.facebook.net\/az_AZ\/sdk.js#xfbml=1&version=v2.7&appId=\";\n            fjs.parentNode.insertBefore(js, fjs);\n        }(document, 'script', 'facebook-jssdk'));\n    <\/script><\/p>\n","protected":false},"excerpt":{"rendered":"<p>Tehranda \u201c3+3\u201d format\u0131nda ke\u00e7iril\u0259n g\u00f6r\u00fc\u015f \u00e7\u0259r\u00e7iv\u0259sind\u0259 Az\u0259rbaycan v\u0259 Erm\u0259nistan xarici i\u015fl\u0259r nazirl\u0259ri Ceyhun Bayramov v\u0259 Ararat Mirzoyan aras\u0131nda g\u00f6r\u00fc\u015f ke\u00e7irilib. Millinews.az x\u0259b\u0259r verir ki, bu bar\u0259d\u0259 \u0130ran Xarici \u0130\u015fl\u0259r Nazirliyinin r\u0259hb\u0259ri H\u00fcseyn \u018fmir Abdullahiyan xarici i\u015fl\u0259r nazirl\u0259rinin g\u00f6r\u00fc\u015f\u00fcn\u00fcn n\u0259tic\u0259l\u0259rin\u0259 \u0259sas\u0259n bildirib. \u201cTehranda ke\u00e7iril\u0259n \u201c3+3\u201d g\u00f6r\u00fc\u015f\u00fc \u00e7\u0259r\u00e7iv\u0259sind\u0259 Ararat Mirzoyan v\u0259 Ceyhun Bayramov aras\u0131nda g\u00f6r\u00fc\u015f Erm\u0259nistan v\u0259 &hellip;<\/p>\n","protected":false},"author":1,"featured_media":4469,"comment_status":"open","ping_status":"closed","sticky":false,"template":"","format":"standard","meta":{"footnotes":""},"categories":[9],"tags":[],"class_list":["post-4468","post","type-post","status-publish","format-standard","has-post-thumbnail","hentry","category-xeber"],"_links":{"self":[{"href":"https:\/\/millitv.net\/index.php?rest_route=\/wp\/v2\/posts\/4468","targetHints":{"allow":["GET"]}}],"collection":[{"href":"https:\/\/millitv.net\/index.php?rest_route=\/wp\/v2\/posts"}],"about":[{"href":"https:\/\/millitv.net\/index.php?rest_route=\/wp\/v2\/types\/post"}],"author":[{"embeddable":true,"href":"https:\/\/millitv.net\/index.php?rest_route=\/wp\/v2\/users\/1"}],"replies":[{"embeddable":true,"href":"https:\/\/millitv.net\/index.php?rest_route=%2Fwp%2Fv2%2Fcomments&post=4468"}],"version-history":[{"count":0,"href":"https:\/\/millitv.net\/index.php?rest_route=\/wp\/v2\/posts\/4468\/revisions"}],"wp:featuredmedia":[{"embeddable":true,"href":"https:\/\/millitv.net\/index.php?rest_route=\/wp\/v2\/media\/4469"}],"wp:attachment":[{"href":"https:\/\/millitv.net\/index.php?rest_route=%2Fwp%2Fv2%2Fmedia&parent=4468"}],"wp:term":[{"taxonomy":"category","embeddable":true,"href":"https:\/\/millitv.net\/index.php?rest_route=%2Fwp%2Fv2%2Fcategories&post=4468"},{"taxonomy":"post_tag","embeddable":true,"href":"https:\/\/millitv.net\/index.php?rest_route=%2Fwp%2Fv2%2Ftags&post=4468"}],"curies":[{"name":"wp","href":"https:\/\/api.w.org\/{rel}","templated":true}]}}