{"id":4464,"date":"2023-10-24T06:29:00","date_gmt":"2023-10-24T06:29:00","guid":{"rendered":"https:\/\/millinews.az\/xeber\/sag-qalmagimiz-ucun-movcud-t%C9%99hluk%C9%99dir\/"},"modified":"2023-10-24T06:29:00","modified_gmt":"2023-10-24T06:29:00","slug":"sag-qalmagimiz-ucun-movcud-t%C9%99hluk%C9%99dir","status":"publish","type":"post","link":"https:\/\/millitv.net\/?p=4464","title":{"rendered":"Sa\u011f qalma\u011f\u0131m\u0131z \u00fc\u00e7\u00fcn m\u00f6vcud t\u0259hl\u00fck\u0259dir"},"content":{"rendered":"<p><img decoding=\"async\" src=\"https:\/\/Millinews.az\/storage\/2023\/10\/24\/israil-netanyahu-a-2082488_1.jpg\" alt=\"\" title=\"\"><\/p>\n<div id=\"mvp-content-main\">\n<p><strong>\u0130srail m\u0259tbuat\u0131 Q\u0259zza m\u00fcharib\u0259sini s\u0259hv idar\u0259 etdiyin\u0259 v\u0259 Q\u0259zzadan \u0130srail\u0259 edil\u0259n g\u00f6zl\u0259nilm\u0259z h\u00fccumlar\u0131n u\u011fursuzlu\u011funda m\u0259suliyy\u0259ti \u00fcz\u0259rin\u0259 g\u00f6t\u00fcrm\u0259diyin\u0259 g\u00f6r\u0259 ba\u015f nazir Benyamin Netanyahunu t\u0259nqid edir.<\/strong><\/p>\n<p><strong><a target=\"_blank\" href=\"https:\/\/Millinews.az\" rel=\"noopener\">Millinews.az<\/a><\/strong> x\u0259b\u0259r verir ki, oktyabr\u0131n 7-d\u0259 H\u018fMAS-\u0131n \u0130srail\u0259 qar\u015f\u0131 g\u00f6zl\u0259nilm\u0259z h\u00fccumunun \u015fokundan qurtulma\u011fa ba\u015flayan \u0130srail m\u0259tbuat\u0131, m\u00fcharib\u0259d\u0259n \u0259vv\u0259lki n\u0259\u015frl\u0259rind\u0259 daim h\u0259d\u0259f\u0259 ald\u0131\u011f\u0131 ada qar\u015f\u0131 k\u00f6hn\u0259 tempin\u0259 qay\u0131d\u0131b. M\u0259tbuat\u0131n h\u0259d\u0259f ald\u0131\u011f\u0131 o ad Ba\u015f nazir Benyamin Netanyahudur. Son ictimai r\u0259y sor\u011fular\u0131n\u0131n yer ald\u0131\u011f\u0131 &#8220;Haaretz&#8221;, &#8220;Times of Israel&#8221; v\u0259 &#8220;Yediot Ahronot&#8221; q\u0259zetl\u0259ri \u0130srail xalq\u0131n\u0131n \u0259ks\u0259riyy\u0259tinin 7 oktyabr h\u00fccumlar\u0131n\u0131n aradan qald\u0131r\u0131lamamas\u0131na g\u00f6r\u0259 Netanyahunu m\u0259suliyy\u0259t da\u015f\u0131d\u0131\u011f\u0131n\u0131 yaz\u0131b.<\/p>\n<p>&#8220;Haaretz&#8221;, \u201cNetanyahu H\u018fMAS-\u0131n 7 oktyabr h\u00fccumunu proqnozla\u015fd\u0131ra bilm\u0259diyi \u00fc\u00e7\u00fcn m\u0259suliyy\u0259td\u0259n yay\u0131nma\u011fa v\u0259 bu m\u0259suliyy\u0259ti ordunun \u00fcz\u0259rin\u0259 qoyma\u011fa \u00e7al\u0131\u015f\u0131r\u201d kimi t\u0259nqidl\u0259r\u0259 d\u0259 yer verib. Q\u0259zetd\u0259 d\u0259rc olunan \u201cNetanyahu \u0130srailin sa\u011f qalmas\u0131 \u00fc\u00e7\u00fcn m\u00f6vcud t\u0259hl\u00fck\u0259dir\u201d ba\u015fl\u0131ql\u0131 m\u0259qal\u0259d\u0259 \u201c\u0130srailin h\u0259m \u00f6lk\u0259 daxilind\u0259, h\u0259m d\u0259 beyn\u0259lxalq al\u0259md\u0259 k\u00f6vr\u0259kliyi fonunda \u0130ran\u0131n aktivl\u0259\u015fm\u0259si \u00f6lk\u0259nin u\u011fursuz lideri Netanyahunun g\u00fcnah\u0131d\u0131r\u201d,- dey\u0259 qeyd olunub.<\/p>\n<p>&#8220;Haaretz&#8221; q\u0259zeti Ba\u015f nazir Netanyahunun &#8220;v\u0259zif\u0259d\u0259 qalmaq \u00fc\u00e7\u00fcn yor\u011funlu\u011fa v\u0259 ictimai \u00fcmidsizliy\u0259 arxaland\u0131\u011f\u0131n\u0131&#8221; ifad\u0259 ed\u0259r\u0259k, bu a\u00e7\u0131qlamalar\u0131 verib:<\/p>\n<p>&#8220;Ancaq ona m\u00fcharib\u0259y\u0259 r\u0259hb\u0259rlik etm\u0259k \u00fc\u00e7\u00fcn etibar etm\u0259k olmaz v\u0259 bu, onu davaml\u0131 u\u011fursuzluq miras\u0131ndan xilas etm\u0259y\u0259c\u0259k. M\u00fcharib\u0259 bitdikd\u0259n sonra, ist\u0259r \u00fc\u00e7 h\u0259ft\u0259, ist\u0259rs\u0259 d\u0259 \u00fc\u00e7 ay, siyasi c\u0259h\u0259nn\u0259min b\u00fct\u00fcn qap\u0131lar\u0131 (Netanyahu \u00fc\u00e7\u00fcn) a\u00e7\u0131lacaq.&#8221;<\/p>\n<p>Q\u0259zet h\u0259m\u00e7inin Netanyahunu Q\u0259zzada H\u018fMAS-\u0131n \u0259sirliyind\u0259 saxlad\u0131\u011f\u0131 200-d\u0259n \u00e7ox israillinin v\u0259ziyy\u0259tini idar\u0259 etm\u0259k m\u00f6vzusunda da t\u0259nqid edib.<\/p>\n<p>\u201cNetanyahunun girov koordinatoru H\u018fMAS t\u0259r\u0259find\u0259n qa\u00e7\u0131r\u0131lan h\u0259r k\u0259sin h\u0259yat\u0131n\u0131 t\u0259hl\u00fck\u0259y\u0259 atd\u0131\u201d ba\u015fl\u0131ql\u0131 x\u0259b\u0259rd\u0259 Netanyahu t\u0259r\u0259find\u0259n Q\u0259zzada girovlar\u0131n azad edilm\u0259sini t\u0259min etm\u0259k \u00fc\u00e7\u00fcn \u201cGirovlar v\u0259 itkin d\u00fc\u015fm\u00fc\u015f \u015f\u0259xsl\u0259r koordinatoru\u201d t\u0259yin edil\u0259n istefada olan briqada general\u0131 Qal Hir\u015f h\u0259d\u0259f\u0259 al\u0131n\u0131b. \u201cJerusalem Post\u201d q\u0259zeti d\u0259 yay\u0131mlad\u0131\u011f\u0131 m\u0259qal\u0259 \u00fc\u00e7\u00fcn \u201c\u0130srail h\u00f6kum\u0259ti haradad\u0131r?\u201d ba\u015fl\u0131\u011f\u0131n\u0131 se\u00e7ib.<\/p>\n<p>7 oktyabr h\u00fccumunu &#8220;Y\u0259hudi d\u00f6vl\u0259ti (\u0130srail) tarixinin \u0259n d\u0259h\u015f\u0259tli q\u0259tliam\u0131&#8221; olaraq xarakteriz\u0259 ed\u0259n q\u0259zet, \u0130srail v\u0259t\u0259nda\u015flar\u0131n\u0131n k\u00f6m\u0259k etm\u0259k \u00fc\u00e7\u00fcn s\u0259f\u0259rb\u0259r oldu\u011funu, lakin h\u00f6kum\u0259tin yaralar\u0131n sa\u011falmas\u0131nda t\u0259sirsiz qald\u0131\u011f\u0131n\u0131 bildirib. &#8220;Jerusalem Post&#8221; h\u0259m\u00e7inin Netanyahu h\u00f6kum\u0259tind\u0259ki nazirlikl\u0259rin H\u018fMAS-la m\u00fcharib\u0259 zaman\u0131 \u201cdisfunksiyal\u0131\u201d oldu\u011funu bildir\u0259n b\u0259yanata yer verib.<\/p>\n<p>\u201cThe Times of Israel\u201d d\u0259 \u0130srailin ba\u015f nazirinin \u201cmedia il\u0259 \u0259laq\u0259l\u0259ri k\u0259sdiyini v\u0259 m\u00fcharib\u0259 zaman\u0131 sual verm\u0259sind\u0259n qorxdu\u011funu\u201d yaz\u0131b. Q\u0259zet \u201cBa\u015f nazir bu qara g\u00fcnd\u0259 bel\u0259 \u00f6z \u00f6lk\u0259sinin medias\u0131 v\u0259 bununla da \u0130srail xalq\u0131 il\u0259 \u0259laq\u0259 saxlam\u0131r\u201d deyib.<\/p>\n<p>Ba\u015f nazir Netanyahunun son m\u00fcsahib\u0259sini 13 aprel 2023-c\u00fc ild\u0259 \u0130srail televiziyas\u0131na verdiyin\u0259 diqq\u0259t \u00e7\u0259k\u0259n q\u0259zet, onun \u0130srailin d\u00f6vl\u0259t televiziyas\u0131 KAN-a m\u00fcsahib\u0259 verm\u0259y\u0259 raz\u0131la\u015fd\u0131\u011f\u0131 son tarixin is\u0259 14 sentyabr 2019, y\u0259ni d\u00f6rd ild\u0259n d\u0259 \u00e7ox \u0259vv\u0259l oldu\u011funu vur\u011fulay\u0131b.<\/p>\n<p>N\u0259zrin<\/p>\n<\/p><\/div>\n<p><script>\n        (function (d, s, id) {\n            var js, fjs = d.getElementsByTagName(s)[0];\n            if (d.getElementById(id)) return;\n            js = d.createElement(s);\n            js.id = id;\n            js.src = \"\/\/connect.facebook.net\/az_AZ\/sdk.js#xfbml=1&version=v2.7&appId=\";\n            fjs.parentNode.insertBefore(js, fjs);\n        }(document, 'script', 'facebook-jssdk'));\n    <\/script><\/p>\n","protected":false},"excerpt":{"rendered":"<p>\u0130srail m\u0259tbuat\u0131 Q\u0259zza m\u00fcharib\u0259sini s\u0259hv idar\u0259 etdiyin\u0259 v\u0259 Q\u0259zzadan \u0130srail\u0259 edil\u0259n g\u00f6zl\u0259nilm\u0259z h\u00fccumlar\u0131n u\u011fursuzlu\u011funda m\u0259suliyy\u0259ti \u00fcz\u0259rin\u0259 g\u00f6t\u00fcrm\u0259diyin\u0259 g\u00f6r\u0259 ba\u015f nazir Benyamin Netanyahunu t\u0259nqid edir. Millinews.az x\u0259b\u0259r verir ki, oktyabr\u0131n 7-d\u0259 H\u018fMAS-\u0131n \u0130srail\u0259 qar\u015f\u0131 g\u00f6zl\u0259nilm\u0259z h\u00fccumunun \u015fokundan qurtulma\u011fa ba\u015flayan \u0130srail m\u0259tbuat\u0131, m\u00fcharib\u0259d\u0259n \u0259vv\u0259lki n\u0259\u015frl\u0259rind\u0259 daim h\u0259d\u0259f\u0259 ald\u0131\u011f\u0131 ada qar\u015f\u0131 k\u00f6hn\u0259 tempin\u0259 qay\u0131d\u0131b. M\u0259tbuat\u0131n h\u0259d\u0259f ald\u0131\u011f\u0131 o &hellip;<\/p>\n","protected":false},"author":1,"featured_media":4465,"comment_status":"open","ping_status":"closed","sticky":false,"template":"","format":"standard","meta":{"footnotes":""},"categories":[9],"tags":[],"class_list":["post-4464","post","type-post","status-publish","format-standard","has-post-thumbnail","hentry","category-xeber"],"_links":{"self":[{"href":"https:\/\/millitv.net\/index.php?rest_route=\/wp\/v2\/posts\/4464","targetHints":{"allow":["GET"]}}],"collection":[{"href":"https:\/\/millitv.net\/index.php?rest_route=\/wp\/v2\/posts"}],"about":[{"href":"https:\/\/millitv.net\/index.php?rest_route=\/wp\/v2\/types\/post"}],"author":[{"embeddable":true,"href":"https:\/\/millitv.net\/index.php?rest_route=\/wp\/v2\/users\/1"}],"replies":[{"embeddable":true,"href":"https:\/\/millitv.net\/index.php?rest_route=%2Fwp%2Fv2%2Fcomments&post=4464"}],"version-history":[{"count":0,"href":"https:\/\/millitv.net\/index.php?rest_route=\/wp\/v2\/posts\/4464\/revisions"}],"wp:featuredmedia":[{"embeddable":true,"href":"https:\/\/millitv.net\/index.php?rest_route=\/wp\/v2\/media\/4465"}],"wp:attachment":[{"href":"https:\/\/millitv.net\/index.php?rest_route=%2Fwp%2Fv2%2Fmedia&parent=4464"}],"wp:term":[{"taxonomy":"category","embeddable":true,"href":"https:\/\/millitv.net\/index.php?rest_route=%2Fwp%2Fv2%2Fcategories&post=4464"},{"taxonomy":"post_tag","embeddable":true,"href":"https:\/\/millitv.net\/index.php?rest_route=%2Fwp%2Fv2%2Ftags&post=4464"}],"curies":[{"name":"wp","href":"https:\/\/api.w.org\/{rel}","templated":true}]}}