{"id":4444,"date":"2023-10-24T05:46:48","date_gmt":"2023-10-24T05:46:48","guid":{"rendered":"https:\/\/millinews.az\/xeber\/m%C9%99cburi-kockunl%C9%99r%C9%99-veril%C9%99n-yardim-n%C9%99-vaxt-dayandirilacaq\/"},"modified":"2023-10-24T05:46:48","modified_gmt":"2023-10-24T05:46:48","slug":"m%C9%99cburi-kockunl%C9%99r%C9%99-veril%C9%99n-yardim-n%C9%99-vaxt-dayandirilacaq","status":"publish","type":"post","link":"https:\/\/millitv.net\/?p=4444","title":{"rendered":"M\u0259cburi k\u00f6\u00e7k\u00fcnl\u0259r\u0259 veril\u0259n yard\u0131m n\u0259 vaxt dayand\u0131r\u0131lacaq?"},"content":{"rendered":"<div id=\"maincontent\">&#13;<br \/>\n        &#13;<\/p>\n<p><strong>M\u0259cburi k\u00f6\u00e7k\u00fcnl\u0259rin sosial m\u00fcdafi\u0259si il\u0259 ba\u011fl\u0131 d\u0259st\u0259k t\u0259dbirl\u0259rinin icras\u0131 onlar\u0131n \u00f6z do\u011fma yurdlar\u0131na qay\u0131d\u0131\u015f\u0131 ba\u015fa \u00e7atana q\u0259d\u0259r davam etdiril\u0259c\u0259k.<\/strong><\/p>\n<p><a href=\"https:\/\/Millinews.az\" target=\"_blank\" class=\"kw-link\" rel=\"noopener\">Millinews.az<\/a> x\u0259b\u0259r verir ki, bu, Maliyy\u0259 Nazirliyinin &#8220;2024-2027-ci ill\u0259r \u00fczr\u0259 Ortam\u00fcdd\u0259tli B\u00fcdc\u0259 \u00c7\u0259r\u00e7iv\u0259si\u201d m\u0259lumat\u0131nda \u0259ksini tap\u0131b. &#13;\n<\/p>\n<p>Qeyd edilib ki, d\u00fc\u015fm\u0259n i\u015f\u011fal\u0131ndan azad edilmi\u015f \u0259z\u0259li Az\u0259rbaycan torpaqlar\u0131na B\u00f6y\u00fck Qay\u0131d\u0131\u015f m\u0259qs\u0259dinin realla\u015fd\u0131r\u0131lmas\u0131 ortam\u00fcdd\u0259tli d\u00f6vrd\u0259 \u00f6lk\u0259nin milli x\u0259rc prioritetl\u0259rind\u0259n birini t\u0259\u015fkil ed\u0259c\u0259k. Bu istiqam\u0259td\u0259 2022-2026-c\u0131 ill\u0259rd\u0259h\u0259yata ke\u00e7irilm\u0259si n\u0259z\u0259rd\u0259 tutulan t\u0259dbir v\u0259 layih\u0259l\u0259r &#8220;Az\u0259rbaycan Respublikas\u0131n\u0131n i\u015f\u011faldan azad edilmi\u015f \u0259razil\u0259rin\u0259 B\u00f6y\u00fck Qay\u0131d\u0131\u015fa dair I D\u00f6vl\u0259t Proqram\u0131\u201dnda \u00f6z \u0259ksini tap\u0131b. Ortam\u00fcdd\u0259tli d\u00f6vrd\u0259 \u0259halinin dayan\u0131ql\u0131 m\u0259skunla\u015fmas\u0131 \u00fc\u00e7\u00fcn h\u0259min \u0259razil\u0259rd\u0259 ilkin \u015f\u0259raitin yarad\u0131lmas\u0131 planla\u015fd\u0131r\u0131l\u0131r.<\/p>\n<p>Bel\u0259likl\u0259, Qaraba\u011f v\u0259 \u015e\u0259rqi Z\u0259ng\u0259zur iqtisadi rayonlar\u0131nda &#8220;a\u011f\u0131ll\u0131 \u015f\u0259h\u0259r v\u0259 a\u011f\u0131ll\u0131 k\u0259nd\u201d konsepsiyalar\u0131 \u0259sas\u0131nda ya\u015fay\u0131\u015f v\u0259 qeyri-ya\u015fay\u0131\u015f kompleksl\u0259rinin in\u015fas\u0131 davam etdiril\u0259c\u0259k. Bu \u0259sasda b\u00fct\u00fcn b\u00f6lg\u0259 qabaqc\u0131l standartlara uy\u011fun sosial-iqtisadi v\u0259 m\u0259d\u0259ni infrastrukturla tam t\u0259min edil\u0259c\u0259k v\u0259 turizm infrastrukturu b\u0259rpa olunacaq.&#13;<br \/>\n        &#13;<br \/>\n&#13;<br \/>\n        &#13;<br \/>\n&#13;\n        <\/p>\n<p><noscript><\/p>\n<p>You must enable Javascript on your browser for the site to work optimally and display sections completely.<\/p>\n<p><\/noscript>\t\t&#13;<br \/>\n\t\t&#13;\n    <\/div>\n<p><script type=\"text\/javascript\">jQuery(document).ready(function () {\n(function(d, s, id) {\n    var js, fjs = d.getElementsByTagName(s)[0];\n    if (d.getElementById(id))\n        return;\n    js = d.createElement(s);\n    js.id = id;\n    js.src = \"\/\/connect.facebook.net\/az_AZ\/all.js#xfbml=1&appId=1002485763137712\";\n    fjs.parentNode.insertBefore(js, fjs);\n}(document, 'script', 'facebook-jssdk'));                \n});<\/script><\/p>\n","protected":false},"excerpt":{"rendered":"<p>&#13; &#13; M\u0259cburi k\u00f6\u00e7k\u00fcnl\u0259rin sosial m\u00fcdafi\u0259si il\u0259 ba\u011fl\u0131 d\u0259st\u0259k t\u0259dbirl\u0259rinin icras\u0131 onlar\u0131n \u00f6z do\u011fma yurdlar\u0131na qay\u0131d\u0131\u015f\u0131 ba\u015fa \u00e7atana q\u0259d\u0259r davam etdiril\u0259c\u0259k. Millinews.az x\u0259b\u0259r verir ki, bu, Maliyy\u0259 Nazirliyinin &#8220;2024-2027-ci ill\u0259r \u00fczr\u0259 Ortam\u00fcdd\u0259tli B\u00fcdc\u0259 \u00c7\u0259r\u00e7iv\u0259si\u201d m\u0259lumat\u0131nda \u0259ksini tap\u0131b. &#13; Qeyd edilib ki, d\u00fc\u015fm\u0259n i\u015f\u011fal\u0131ndan azad edilmi\u015f \u0259z\u0259li Az\u0259rbaycan torpaqlar\u0131na B\u00f6y\u00fck Qay\u0131d\u0131\u015f m\u0259qs\u0259dinin realla\u015fd\u0131r\u0131lmas\u0131 ortam\u00fcdd\u0259tli d\u00f6vrd\u0259 \u00f6lk\u0259nin &hellip;<\/p>\n","protected":false},"author":1,"featured_media":4445,"comment_status":"open","ping_status":"closed","sticky":false,"template":"","format":"standard","meta":{"footnotes":""},"categories":[9],"tags":[],"class_list":["post-4444","post","type-post","status-publish","format-standard","has-post-thumbnail","hentry","category-xeber"],"_links":{"self":[{"href":"https:\/\/millitv.net\/index.php?rest_route=\/wp\/v2\/posts\/4444","targetHints":{"allow":["GET"]}}],"collection":[{"href":"https:\/\/millitv.net\/index.php?rest_route=\/wp\/v2\/posts"}],"about":[{"href":"https:\/\/millitv.net\/index.php?rest_route=\/wp\/v2\/types\/post"}],"author":[{"embeddable":true,"href":"https:\/\/millitv.net\/index.php?rest_route=\/wp\/v2\/users\/1"}],"replies":[{"embeddable":true,"href":"https:\/\/millitv.net\/index.php?rest_route=%2Fwp%2Fv2%2Fcomments&post=4444"}],"version-history":[{"count":0,"href":"https:\/\/millitv.net\/index.php?rest_route=\/wp\/v2\/posts\/4444\/revisions"}],"wp:featuredmedia":[{"embeddable":true,"href":"https:\/\/millitv.net\/index.php?rest_route=\/wp\/v2\/media\/4445"}],"wp:attachment":[{"href":"https:\/\/millitv.net\/index.php?rest_route=%2Fwp%2Fv2%2Fmedia&parent=4444"}],"wp:term":[{"taxonomy":"category","embeddable":true,"href":"https:\/\/millitv.net\/index.php?rest_route=%2Fwp%2Fv2%2Fcategories&post=4444"},{"taxonomy":"post_tag","embeddable":true,"href":"https:\/\/millitv.net\/index.php?rest_route=%2Fwp%2Fv2%2Ftags&post=4444"}],"curies":[{"name":"wp","href":"https:\/\/api.w.org\/{rel}","templated":true}]}}