{"id":4442,"date":"2023-10-24T05:45:13","date_gmt":"2023-10-24T05:45:13","guid":{"rendered":"https:\/\/millinews.az\/xeber\/lacinli-aill%C9%99nin-bu-goruntusu-maraq-dogurdu-30-ild%C9%99n-sonra\/"},"modified":"2023-10-24T05:45:13","modified_gmt":"2023-10-24T05:45:13","slug":"lacinli-aill%C9%99nin-bu-goruntusu-maraq-dogurdu-30-ild%C9%99n-sonra","status":"publish","type":"post","link":"https:\/\/millitv.net\/?p=4442","title":{"rendered":"La\u00e7\u0131nl\u0131 aill\u0259nin bu g\u00f6r\u00fcnt\u00fcs\u00fc maraq do\u011furdu &#8211; 30 ild\u0259n sonra&#8230;"},"content":{"rendered":"<div id=\"mvp-content-main\">\n<p><strong>Az\u0259rbaycan Respublikas\u0131 Qa\u00e7q\u0131nlar\u0131n v\u0259 M\u0259cburi K\u00f6\u00e7k\u00fcnl\u0259rin \u0130\u015fl\u0259ri \u00fczr\u0259 D\u00f6vl\u0259t Komit\u0259si la\u00e7\u0131nl\u0131 ail\u0259nin fotosunu yay\u0131mlay\u0131b.<\/strong><\/p>\n<p><strong><a target=\"_blank\" href=\"https:\/\/Millinews.az\" rel=\"noopener\">Millinews.az<\/a><\/strong> x\u0259b\u0259r verir ki, foto ail\u0259nin 1989-ci ild\u0259 \u00e7\u0259kdiyi foto v\u0259 ail\u0259nin yenid\u0259n La\u00e7\u0131na qay\u0131d\u0131\u015f\u0131n\u0131 \u0259ks etdir\u0259n g\u00f6r\u00fcnt\u00fcl\u0259r yer al\u0131b.<\/p>\n<p>30 ild\u0259n sonra eyni m\u0259kanda \u00e7\u0259kil\u0259n foto sosial \u015f\u0259b\u0259k\u0259l\u0259rd\u0259 d\u0259 maraqla qar\u015f\u0131lan\u0131b.<\/p>\n<p><img loading=\"lazy\" decoding=\"async\" alt=\"\" height=\"781\" src=\"https:\/\/Millinews.az\/uploads\/332\/b1661e491c-3945024186602306995480646539011965677659339n.jpg\" width=\"763\" title=\"\"><\/p>\n<\/p><\/div>\n<p><script>\n        (function (d, s, id) {\n            var js, fjs = d.getElementsByTagName(s)[0];\n            if (d.getElementById(id)) return;\n            js = d.createElement(s);\n            js.id = id;\n            js.src = \"\/\/connect.facebook.net\/az_AZ\/sdk.js#xfbml=1&version=v2.7&appId=\";\n            fjs.parentNode.insertBefore(js, fjs);\n        }(document, 'script', 'facebook-jssdk'));\n    <\/script><\/p>\n","protected":false},"excerpt":{"rendered":"<p>Az\u0259rbaycan Respublikas\u0131 Qa\u00e7q\u0131nlar\u0131n v\u0259 M\u0259cburi K\u00f6\u00e7k\u00fcnl\u0259rin \u0130\u015fl\u0259ri \u00fczr\u0259 D\u00f6vl\u0259t Komit\u0259si la\u00e7\u0131nl\u0131 ail\u0259nin fotosunu yay\u0131mlay\u0131b. Millinews.az x\u0259b\u0259r verir ki, foto ail\u0259nin 1989-ci ild\u0259 \u00e7\u0259kdiyi foto v\u0259 ail\u0259nin yenid\u0259n La\u00e7\u0131na qay\u0131d\u0131\u015f\u0131n\u0131 \u0259ks etdir\u0259n g\u00f6r\u00fcnt\u00fcl\u0259r yer al\u0131b. 30 ild\u0259n sonra eyni m\u0259kanda \u00e7\u0259kil\u0259n foto sosial \u015f\u0259b\u0259k\u0259l\u0259rd\u0259 d\u0259 maraqla qar\u015f\u0131lan\u0131b.<\/p>\n","protected":false},"author":1,"featured_media":4443,"comment_status":"open","ping_status":"closed","sticky":false,"template":"","format":"standard","meta":{"footnotes":""},"categories":[9],"tags":[],"class_list":["post-4442","post","type-post","status-publish","format-standard","has-post-thumbnail","hentry","category-xeber"],"_links":{"self":[{"href":"https:\/\/millitv.net\/index.php?rest_route=\/wp\/v2\/posts\/4442","targetHints":{"allow":["GET"]}}],"collection":[{"href":"https:\/\/millitv.net\/index.php?rest_route=\/wp\/v2\/posts"}],"about":[{"href":"https:\/\/millitv.net\/index.php?rest_route=\/wp\/v2\/types\/post"}],"author":[{"embeddable":true,"href":"https:\/\/millitv.net\/index.php?rest_route=\/wp\/v2\/users\/1"}],"replies":[{"embeddable":true,"href":"https:\/\/millitv.net\/index.php?rest_route=%2Fwp%2Fv2%2Fcomments&post=4442"}],"version-history":[{"count":0,"href":"https:\/\/millitv.net\/index.php?rest_route=\/wp\/v2\/posts\/4442\/revisions"}],"wp:featuredmedia":[{"embeddable":true,"href":"https:\/\/millitv.net\/index.php?rest_route=\/wp\/v2\/media\/4443"}],"wp:attachment":[{"href":"https:\/\/millitv.net\/index.php?rest_route=%2Fwp%2Fv2%2Fmedia&parent=4442"}],"wp:term":[{"taxonomy":"category","embeddable":true,"href":"https:\/\/millitv.net\/index.php?rest_route=%2Fwp%2Fv2%2Fcategories&post=4442"},{"taxonomy":"post_tag","embeddable":true,"href":"https:\/\/millitv.net\/index.php?rest_route=%2Fwp%2Fv2%2Ftags&post=4442"}],"curies":[{"name":"wp","href":"https:\/\/api.w.org\/{rel}","templated":true}]}}