{"id":4432,"date":"2023-10-24T05:23:06","date_gmt":"2023-10-24T05:23:06","guid":{"rendered":"https:\/\/millinews.az\/xeber\/meyv%C9%99li-bazarinda-faci%C9%99vi-hadis%C9%99-ol%C9%99n-var\/"},"modified":"2023-10-24T05:23:06","modified_gmt":"2023-10-24T05:23:06","slug":"meyv%C9%99li-bazarinda-faci%C9%99vi-hadis%C9%99-ol%C9%99n-var","status":"publish","type":"post","link":"https:\/\/millitv.net\/?p=4432","title":{"rendered":"&#8220;Meyv\u0259li&#8221; bazar\u0131nda faci\u0259vi hadis\u0259 &#8211; \u00d6l\u0259n var"},"content":{"rendered":"<div id=\"maincontent\">&#13;<br \/>\n        &#13;<\/p>\n<p><strong>Qarada\u011fda \u00f6l\u00fcml\u0259 n\u0259tic\u0259l\u0259n\u0259n yol q\u0259zas\u0131 olub.<\/strong><\/p>\n<p><a href=\"https:\/\/Millinews.az\" target=\"_blank\" class=\"kw-link\" rel=\"noopener\">Millinews.az<\/a> Apa-ya istinad\u0259n x\u0259b\u0259r verir ki, hadis\u0259 &#8220;Meyv\u0259li&#8221; bazar\u0131 adlanan \u0259razid\u0259 qeyd\u0259 al\u0131n\u0131b.<\/p>\n<p>1988-ci il t\u0259v\u0259ll\u00fcdl\u00fc Saleh C\u0259bray\u0131lovun idar\u0259 etdiyi &#8220;Ford Transit&#8221; markal\u0131 avtomobill\u0259 B\u0259d\u0259l B\u0259d\u0259lovun idar\u0259 etdiyi &#8220;Lada Priora&#8221; markal\u0131 avtomobil toqqu\u015fub.<\/p>\n<p>N\u0259tic\u0259d\u0259 B\u0259d\u0259l B\u0259d\u0259lov hadis\u0259 yerind\u0259 \u00f6l\u00fcb.<\/p>\n<p>Faktla ba\u011fl\u0131 cinay\u0259t i\u015fi ba\u015flan\u0131l\u0131b.<\/p>\n<p>&#13;<br \/>\n        &#13;<br \/>\n&#13;<br \/>\n        &#13;<br \/>\n&#13;<\/p>\n<p><noscript><\/p>\n<p>You must enable Javascript on your browser for the site to work optimally and display sections completely.<\/p>\n<p><\/noscript>\t\t&#13;<br \/>\n\t\t&#13;\n    <\/div>\n<p><script type=\"text\/javascript\">jQuery(document).ready(function () {\n(function(d, s, id) {\n    var js, fjs = d.getElementsByTagName(s)[0];\n    if (d.getElementById(id))\n        return;\n    js = d.createElement(s);\n    js.id = id;\n    js.src = \"\/\/connect.facebook.net\/az_AZ\/all.js#xfbml=1&appId=1002485763137712\";\n    fjs.parentNode.insertBefore(js, fjs);\n}(document, 'script', 'facebook-jssdk'));                \n});<\/script><\/p>\n","protected":false},"excerpt":{"rendered":"<p>&#13; &#13; Qarada\u011fda \u00f6l\u00fcml\u0259 n\u0259tic\u0259l\u0259n\u0259n yol q\u0259zas\u0131 olub. Millinews.az Apa-ya istinad\u0259n x\u0259b\u0259r verir ki, hadis\u0259 &#8220;Meyv\u0259li&#8221; bazar\u0131 adlanan \u0259razid\u0259 qeyd\u0259 al\u0131n\u0131b. 1988-ci il t\u0259v\u0259ll\u00fcdl\u00fc Saleh C\u0259bray\u0131lovun idar\u0259 etdiyi &#8220;Ford Transit&#8221; markal\u0131 avtomobill\u0259 B\u0259d\u0259l B\u0259d\u0259lovun idar\u0259 etdiyi &#8220;Lada Priora&#8221; markal\u0131 avtomobil toqqu\u015fub. N\u0259tic\u0259d\u0259 B\u0259d\u0259l B\u0259d\u0259lov hadis\u0259 yerind\u0259 \u00f6l\u00fcb. Faktla ba\u011fl\u0131 cinay\u0259t i\u015fi ba\u015flan\u0131l\u0131b. &#13; &#13; &#13; &hellip;<\/p>\n","protected":false},"author":1,"featured_media":4433,"comment_status":"open","ping_status":"closed","sticky":false,"template":"","format":"standard","meta":{"footnotes":""},"categories":[9],"tags":[],"class_list":["post-4432","post","type-post","status-publish","format-standard","has-post-thumbnail","hentry","category-xeber"],"_links":{"self":[{"href":"https:\/\/millitv.net\/index.php?rest_route=\/wp\/v2\/posts\/4432","targetHints":{"allow":["GET"]}}],"collection":[{"href":"https:\/\/millitv.net\/index.php?rest_route=\/wp\/v2\/posts"}],"about":[{"href":"https:\/\/millitv.net\/index.php?rest_route=\/wp\/v2\/types\/post"}],"author":[{"embeddable":true,"href":"https:\/\/millitv.net\/index.php?rest_route=\/wp\/v2\/users\/1"}],"replies":[{"embeddable":true,"href":"https:\/\/millitv.net\/index.php?rest_route=%2Fwp%2Fv2%2Fcomments&post=4432"}],"version-history":[{"count":0,"href":"https:\/\/millitv.net\/index.php?rest_route=\/wp\/v2\/posts\/4432\/revisions"}],"wp:featuredmedia":[{"embeddable":true,"href":"https:\/\/millitv.net\/index.php?rest_route=\/wp\/v2\/media\/4433"}],"wp:attachment":[{"href":"https:\/\/millitv.net\/index.php?rest_route=%2Fwp%2Fv2%2Fmedia&parent=4432"}],"wp:term":[{"taxonomy":"category","embeddable":true,"href":"https:\/\/millitv.net\/index.php?rest_route=%2Fwp%2Fv2%2Fcategories&post=4432"},{"taxonomy":"post_tag","embeddable":true,"href":"https:\/\/millitv.net\/index.php?rest_route=%2Fwp%2Fv2%2Ftags&post=4432"}],"curies":[{"name":"wp","href":"https:\/\/api.w.org\/{rel}","templated":true}]}}