{"id":4416,"date":"2023-10-24T04:15:42","date_gmt":"2023-10-24T04:15:42","guid":{"rendered":"https:\/\/millinews.az\/xeber\/hemas-in-israil%C9%99-hucumunda-rusiya-izi\/"},"modified":"2023-10-24T04:15:42","modified_gmt":"2023-10-24T04:15:42","slug":"hemas-in-israil%C9%99-hucumunda-rusiya-izi","status":"publish","type":"post","link":"https:\/\/millitv.net\/?p=4416","title":{"rendered":"H\u018fMAS-\u0131n \u0130srail\u0259 h\u00fccumunda Rusiya izi&#8230;"},"content":{"rendered":"<p><img decoding=\"async\" src=\"https:\/\/Millinews.az\/storage\/2023\/10\/24\/hamas.jpg\" alt=\"\" title=\"\"><\/p>\n<div id=\"mvp-content-main\">\n<p><strong>\u0130srail v\u0259 F\u0259l\u0259stin aras\u0131ndak\u0131 m\u00fcnaqi\u015f\u0259nin h\u0259r an regional v\u0259 h\u0259tta d\u00fcnya m\u00fcharib\u0259sin\u0259 \u00e7evrilm\u0259 ehtimal\u0131 var. \u00c7\u00fcnki b\u00f6lg\u0259d\u0259 f\u0259rqli maraqlar v\u0259 ssenaril\u0259r m\u00f6vcuddur.<\/strong><\/p>\n<p><strong><a target=\"_blank\" href=\"https:\/\/Millinews.az\" rel=\"noopener\">Millinews.az<\/a><\/strong> x\u0259b\u0259r verir ki, bu s\u00f6zl\u0259ri <a href=\"https:\/\/axar.az\/\" target=\"_blank\" rel=\"noopener\">Axar.az<\/a>-a \u0130srail il\u0259 H\u018fMAS aras\u0131ndak\u0131 toqqu\u015fmalar\u0131n inki\u015faf istiqam\u0259tl\u0259rind\u0259n dan\u0131\u015fan siyasi \u015f\u0259rh\u00e7i Turab Rzayev deyib.<\/p>\n<p>Ekspert H\u018fMAS-\u0131n \u0130srail\u0259 h\u00fccumunun Rusiya t\u0259r\u0259find\u0259n koordinasiya edilm\u0259si ehtimal\u0131n\u0131n oldu\u011funu bildirib:<\/p>\n<p>\u201cAB\u015e il\u0259 \u0130srail H\u018fMAS-\u0131n h\u00fccumundan istifad\u0259 ed\u0259r\u0259k \u0130ran\u0131n b\u00f6lg\u0259d\u0259ki b\u00fct\u00fcn proksil\u0259rini t\u0259mizl\u0259m\u0259y\u0259 \u00e7al\u0131\u015f\u0131r. M\u0259s\u0259l\u0259n, \u0130srailin planlar\u0131ndan biri Q\u0259zzadak\u0131 m\u00fclki \u0259halini Misir\u0259 k\u00f6\u00e7\u00fcrm\u0259k v\u0259 quru \u0259m\u0259liyyat\u0131 il\u0259 H\u018fMAS-\u0131 yox etm\u0259kdir. Bunun ilk siqnal\u0131 AB\u015e-\u0131n t\u0259yyar\u0259da\u015f\u0131yan g\u0259mil\u0259rini \u015e\u0259rqi Aral\u0131\u011fa g\u00f6nd\u0259rm\u0259sidir. \u0130srailin bu yard\u0131ma he\u00e7 bir ehtiyac\u0131 yoxdur, \u00e7\u00fcnki \u0259n m\u00fcasir ordulardan birin\u0259 sahibdir. Bir ne\u00e7\u0259 g\u00fcn \u00f6nc\u0259 \u0130srail Suriyan\u0131n D\u0259m\u0259\u015fq v\u0259 H\u0259l\u0259b hava limanlar\u0131n\u0131n u\u00e7u\u015f zolaqlar\u0131n\u0131 bombaland\u0131, \u0130ran xarici i\u015fl\u0259r nazirinin t\u0259yyar\u0259sinin enm\u0259sin\u0259 imkan verilm\u0259di. Bir \u00e7ox h\u0259rbi analitikl\u0259r m\u0259saf\u0259nin uzaql\u0131\u011f\u0131na g\u00f6r\u0259 u\u00e7u\u015f zolaqlar\u0131n\u0131 bombalayan q\u0131r\u0131c\u0131 t\u0259yyar\u0259l\u0259rin AB\u015e-\u0131n g\u0259mil\u0259rind\u0259n havaya qalxd\u0131\u011f\u0131 haqq\u0131nda versiyalar ir\u0259li s\u00fcr\u00fcr. Buna ilk reaksiya g\u00f6zl\u0259nildiyi kimi \u0130ran v\u0259 daha \u00e7ox Rusiyadan g\u0259ldi. \u0130ndiki m\u0259qamda H\u018fMAS-\u0131n \u0130srail\u0259 h\u00fccumunun sanki Moskvan\u0131n koordinasiyas\u0131nda ba\u015f verdiyi sezilir. \u00c7\u00fcnki faktiki b\u00fct\u00fcn diqq\u0259t Ukraynadan buraya y\u00f6n\u0259ldi v\u0259 Rusiya \u0130srail il\u0259 m\u00fctt\u0259fiql\u0259rin\u0259 \u0259l\u00e7atan olduqlar\u0131 mesaj\u0131n\u0131 verdi. H\u00fccumdan \u0259vv\u0259l v\u0259 sonra Moskva il\u0259 Va\u015finqtonun b\u00fct\u00fcn x\u0259b\u0259rdarl\u0131qlar\u0131na r\u0259\u011fm\u0259n Pekin daha \u00e7ox F\u0259l\u0259stinin m\u00f6vqeyind\u0259n \u00e7\u0131x\u0131\u015f etdil\u0259r. Maltan\u0131n s\u0259drliyi il\u0259 BMT T\u015e-nin Q\u0259zza il\u0259 ba\u011fl\u0131 ke\u00e7iril\u0259n qapal\u0131 iclas\u0131nda da biz \u0130sraill\u0259 ba\u011fl\u0131 he\u00e7 bir a\u00e7\u0131qlama g\u00f6rm\u0259dik. Rusiya is\u0259 Suriyada hava limanlar\u0131n\u0131n bombalanmas\u0131n\u0131n Yax\u0131n \u015e\u0259rqd\u0259 eskalasiyaya g\u0259tirib \u00e7\u0131xara bil\u0259c\u0259yini dedi, y\u0259ni m\u00fcharib\u0259y\u0259 qat\u0131lmaqdan \u00e7\u0259kinm\u0259y\u0259c\u0259yi mesaj\u0131n\u0131 verdi. \u0130ran da Q\u0259zzaya quru \u0259m\u0259liyyat\u0131n\u0131n ba\u015flamas\u0131 hal\u0131nda m\u00fcharib\u0259y\u0259 qo\u015fulaca\u011f\u0131n\u0131 bildirib. Ayd\u0131nd\u0131r ki, burada Hizbullah v\u0259 dig\u0259r silahl\u0131 qruplar\u0131n \u0130srail s\u0259rh\u0259din\u0259 h\u00fccumundan s\u00f6hb\u0259t gedir\u201d.<\/p>\n<p>Turab Rzayev Rusiya v\u0259 \u00c7in liderl\u0259rinin son g\u00f6r\u00fc\u015fl\u0259ri zaman\u0131 \u015eimali Koreya vasit\u0259sil\u0259 AB\u015e-a t\u0259hdid yaratmaq plan\u0131n\u0131 m\u00fczakir\u0259 etdikl\u0259rini bildirib:<\/p>\n<p>\u201cBa\u015f ver\u0259nl\u0259r Yax\u0131n \u015e\u0259rqi bar\u0131t \u00e7\u0259ll\u0259yin\u0259 \u00e7evirdi. AB\u015e v\u0259 B\u00f6y\u00fck Britaniya oraya \u00f6z g\u0259mil\u0259rini v\u0259 h\u0259rb\u00e7il\u0259rini g\u00f6nd\u0259rir. Dig\u0259r t\u0259r\u0259fd\u0259n \u0130raqda, Suriyada PKK, YPG kimi terror t\u0259\u015fkilatlar\u0131 silahland\u0131r\u0131l\u0131r. \u0130ran da \u00f6z n\u00f6vb\u0259sind\u0259 \u0130raq\u0131n \u015fimal\u0131na z\u0259rb\u0259l\u0259r endirir, f\u0259rqli b\u00f6lg\u0259l\u0259rd\u0259 Hizbullah\u0131 silahd\u0131r\u0131r. B\u00f6lg\u0259d\u0259 f\u0259rqli ssenaril\u0259r \u00fczr\u0259 \u00e7ox ciddi haz\u0131rl\u0131q gedir. Ancaq m\u0259n indiki m\u0259qamda AB\u015e-\u0131n \u0130rana v\u0259 onun proksil\u0259rin\u0259 qar\u015f\u0131 geni\u015fmiqyasl\u0131 \u0259m\u0259liyyat\u0131 dayand\u0131raca\u011f\u0131n\u0131 d\u00fc\u015f\u00fcn\u00fcr\u0259m. \u00c7\u00fcnki Baydenin \u0130ordaniyada vasit\u0259\u00e7il\u0259rin i\u015ftirak\u0131 il\u0259 Abbas v\u0259 Netanyahunu g\u00f6r\u00fc\u015fd\u00fcrm\u0259k \u00fc\u00e7\u00fcn g\u00f6st\u0259rdiyi u\u011fursuz c\u0259hdd\u0259n sonra Va\u015finqtonun T\u0259l-\u018fvivin Q\u0259zza \u0259halisini k\u00f6\u00e7\u00fcrm\u0259k plan\u0131na d\u0259st\u0259k verm\u0259kd\u0259n imtina etm\u0259si, eyni zamanda quru \u0259m\u0259liyyatlar\u0131n\u0131n gecikm\u0259si h\u0259qiq\u0259t\u0259n b\u00f6lg\u0259d\u0259 eskalasiya riskinin \u00e7ox y\u00fcks\u0259k oldu\u011funu g\u00f6st\u0259rir. Dig\u0259r t\u0259r\u0259fd\u0259n Rusiya v\u0259 \u00c7in liderl\u0259ri aras\u0131nda g\u00f6r\u00fc\u015f ke\u00e7irildi. G\u00f6r\u00fc\u015f zaman\u0131 onlar\u0131n n\u00fcv\u0259 silah\u0131 m\u0259s\u0259l\u0259sini m\u00fczakir\u0259 etdikl\u0259ri haqq\u0131nda x\u0259b\u0259rl\u0259r yay\u0131ld\u0131. Liderl\u0259r \u015eimali Koreyaya n\u00fcv\u0259 texnologiyas\u0131n\u0131n inki\u015faf etdirilm\u0259si \u00fc\u00e7\u00fcn d\u0259st\u0259yin verilm\u0259sini vur\u011fulamaqla Uzaq \u015e\u0259rqd\u0259 AB\u015e v\u0259 m\u00fctt\u0259fiql\u0259rin\u0259 qar\u015f\u0131 t\u0259hl\u00fck\u0259 yaratmaq niyy\u0259tind\u0259 olduqlar\u0131n\u0131 n\u00fcmayi\u015f etdirdil\u0259r. Ba\u015f ver\u0259n prosesl\u0259r T\u00fcrkiy\u0259, Livan, S\u0259udiyy\u0259 \u018fr\u0259bistan\u0131, Misir kimi \u00f6lk\u0259l\u0259rin, sonrak\u0131 m\u0259rh\u0259l\u0259d\u0259 onlara d\u0259st\u0259k ver\u0259n m\u00fctt\u0259fiql\u0259rin d\u0259 m\u00fcharib\u0259y\u0259 qo\u015fulmas\u0131na s\u0259b\u0259b ola bil\u0259r. \u00c7\u00fcnki regional d\u00f6vl\u0259tl\u0259rin m\u0259\u011flubiyy\u0259ti ona d\u0259st\u0259k ver\u0259nl\u0259rin m\u0259\u011flubiyy\u0259ti m\u0259nas\u0131na g\u0259lir\u201d.<\/p>\n<\/p><\/div>\n<p><script>\n        (function (d, s, id) {\n            var js, fjs = d.getElementsByTagName(s)[0];\n            if (d.getElementById(id)) return;\n            js = d.createElement(s);\n            js.id = id;\n            js.src = \"\/\/connect.facebook.net\/az_AZ\/sdk.js#xfbml=1&version=v2.7&appId=\";\n            fjs.parentNode.insertBefore(js, fjs);\n        }(document, 'script', 'facebook-jssdk'));\n    <\/script><\/p>\n","protected":false},"excerpt":{"rendered":"<p>\u0130srail v\u0259 F\u0259l\u0259stin aras\u0131ndak\u0131 m\u00fcnaqi\u015f\u0259nin h\u0259r an regional v\u0259 h\u0259tta d\u00fcnya m\u00fcharib\u0259sin\u0259 \u00e7evrilm\u0259 ehtimal\u0131 var. \u00c7\u00fcnki b\u00f6lg\u0259d\u0259 f\u0259rqli maraqlar v\u0259 ssenaril\u0259r m\u00f6vcuddur. Millinews.az x\u0259b\u0259r verir ki, bu s\u00f6zl\u0259ri Axar.az-a \u0130srail il\u0259 H\u018fMAS aras\u0131ndak\u0131 toqqu\u015fmalar\u0131n inki\u015faf istiqam\u0259tl\u0259rind\u0259n dan\u0131\u015fan siyasi \u015f\u0259rh\u00e7i Turab Rzayev deyib. Ekspert H\u018fMAS-\u0131n \u0130srail\u0259 h\u00fccumunun Rusiya t\u0259r\u0259find\u0259n koordinasiya edilm\u0259si ehtimal\u0131n\u0131n oldu\u011funu bildirib: \u201cAB\u015e il\u0259 &hellip;<\/p>\n","protected":false},"author":1,"featured_media":4417,"comment_status":"open","ping_status":"closed","sticky":false,"template":"","format":"standard","meta":{"footnotes":""},"categories":[9],"tags":[],"class_list":["post-4416","post","type-post","status-publish","format-standard","has-post-thumbnail","hentry","category-xeber"],"_links":{"self":[{"href":"https:\/\/millitv.net\/index.php?rest_route=\/wp\/v2\/posts\/4416","targetHints":{"allow":["GET"]}}],"collection":[{"href":"https:\/\/millitv.net\/index.php?rest_route=\/wp\/v2\/posts"}],"about":[{"href":"https:\/\/millitv.net\/index.php?rest_route=\/wp\/v2\/types\/post"}],"author":[{"embeddable":true,"href":"https:\/\/millitv.net\/index.php?rest_route=\/wp\/v2\/users\/1"}],"replies":[{"embeddable":true,"href":"https:\/\/millitv.net\/index.php?rest_route=%2Fwp%2Fv2%2Fcomments&post=4416"}],"version-history":[{"count":0,"href":"https:\/\/millitv.net\/index.php?rest_route=\/wp\/v2\/posts\/4416\/revisions"}],"wp:featuredmedia":[{"embeddable":true,"href":"https:\/\/millitv.net\/index.php?rest_route=\/wp\/v2\/media\/4417"}],"wp:attachment":[{"href":"https:\/\/millitv.net\/index.php?rest_route=%2Fwp%2Fv2%2Fmedia&parent=4416"}],"wp:term":[{"taxonomy":"category","embeddable":true,"href":"https:\/\/millitv.net\/index.php?rest_route=%2Fwp%2Fv2%2Fcategories&post=4416"},{"taxonomy":"post_tag","embeddable":true,"href":"https:\/\/millitv.net\/index.php?rest_route=%2Fwp%2Fv2%2Ftags&post=4416"}],"curies":[{"name":"wp","href":"https:\/\/api.w.org\/{rel}","templated":true}]}}