{"id":4406,"date":"2023-10-24T02:37:10","date_gmt":"2023-10-24T02:37:10","guid":{"rendered":"https:\/\/millinews.az\/xeber\/usaqlara-n%C9%99muska-cana-adlari-qoyulub\/"},"modified":"2023-10-24T02:37:10","modified_gmt":"2023-10-24T02:37:10","slug":"usaqlara-n%C9%99muska-cana-adlari-qoyulub","status":"publish","type":"post","link":"https:\/\/millitv.net\/?p=4406","title":{"rendered":"U\u015faqlara &#8220;N\u0259mu\u015fka&#8221;, &#8220;Cana&#8221; adlar\u0131 qoyulub"},"content":{"rendered":"<p><img decoding=\"async\" src=\"https:\/\/Millinews.az\/storage\/2023\/10\/24\/267905_r2mmar7kwk.jpg\" alt=\"\" title=\"\"><\/p>\n<div id=\"mvp-content-main\">\n<p><strong>Son d\u00f6vrl\u0259rd\u0259 \u018fmin\u0259 ad\u0131n\u0131 \u201cAmin\u0259\u201d, Mehdi ad\u0131n\u0131 \u201cM\u0259hdi\u201d, \u018fzizi \u201cAziz\u201d kimi yazd\u0131rmaq \u00fc\u00e7\u00fcn m\u00fcraci\u0259tl\u0259r olub. Dilimizd\u0259 vahid formada \u018fziz ad\u0131 var v\u0259 bu normalara uy\u011fun olaraq adlar verilir. Biz\u0259 h\u0259r g\u00fcn q\u0259rib\u0259 adlarla ba\u011fl\u0131 m\u00fcraci\u0259t edirl\u0259r. \u018fn \u00e7ox ad d\u0259yi\u015fm\u0259 problemdir.<\/strong><\/p>\n<p><strong><a target=\"_blank\" href=\"https:\/\/Millinews.az\" rel=\"noopener\">Millinews.az<\/a><\/strong> x\u0259b\u0259r verir ki, bunu &#8220;Az\u0259rTac&#8221;a Nazirl\u0259r Kabineti yan\u0131nda Terminologiya Komissiyas\u0131n\u0131n s\u0259dr m\u00fcavini, N\u0259simi ad\u0131na Dil\u00e7ilik \u0130nstitutu Terminologiya \u015f\u00f6b\u0259sinin m\u00fcdiri Sayal\u0131 Sad\u0131qova deyib.<\/p>\n<p>&#8220;El\u0259 olur ki, valideynl\u0259r t\u0259r\u0259find\u0259n h\u0259ddind\u0259n art\u0131q g\u00fcl\u00fc\u015f do\u011furan adlar verilir. B\u0259z\u0259n d\u0259 \u0259zizl\u0259m\u0259 ifad\u0259 ed\u0259n adlar verilir. M\u0259s\u0259l\u0259n, u\u015fa\u011fa \u201cSeva\u201d, \u201cCana\u201d, \u201cN\u0259mu\u015fka\u201d yazd\u0131r\u0131rlar. U\u015faq m\u00fcraci\u0259t edib ad\u0131n\u0131 d\u0259yi\u015fdirir. Adlar\u0131n verilm\u0259sind\u0259 valideynl\u0259r h\u0259ddind\u0259n art\u0131q d\u00fc\u015f\u00fcnm\u0259lidir. Adlar ayd\u0131n, sad\u0259, d\u0259qiq olmal\u0131d\u0131r. El\u0259 adlar var ki, onlar g\u00fcl\u00fc\u015f do\u011furur, u\u015faqlar\u0131n g\u0259l\u0259c\u0259yin\u0259, taleyin\u0259 m\u0259nfi t\u0259sir edirs\u0259 onlar\u0131n qar\u015f\u0131s\u0131 al\u0131n\u0131r. M\u0259s\u0259l\u0259n, son d\u00f6vrl\u0259rd\u0259 qeydiyyat idar\u0259l\u0259rin\u0259 u\u015faqlara V\u0131va, Azka kimi adlar\u0131n qoyulmas\u0131 il\u0259 ba\u011fl\u0131 m\u00fcraci\u0259t olunub.<\/p>\n<p>Cani, Cinay\u0259tkar, Samovar kimi adlar vaxtil\u0259 qoyulub. Bel\u0259 adlar qoyulan g\u0259ncl\u0259r 18 ya\u015fa \u00e7atandan sonra qeydiyyat idar\u0259l\u0259rin\u0259 adlar\u0131n\u0131n d\u0259yi\u015film\u0259si il\u0259 ba\u011fl\u0131 m\u00fcraci\u0259t edirl\u0259r. Buna g\u00f6r\u0259 d\u0259 o adlar\u0131n \u0259ks\u0259riyy\u0259ti Az\u0259rbaycan dilinin adlar sistemind\u0259n xo\u015fag\u0259lm\u0259z adlar kimi \u00e7\u0131xar\u0131l\u0131b. H\u0259r bir valideyn ad qoyan zaman d\u00fc\u015f\u00fcnm\u0259lidir. T\u0259\u0259ss\u00fcf ki, bel\u0259 hallar indi d\u0259 ba\u015f verir. B\u0259zi valideynl\u0259r baxd\u0131qlar\u0131 filmd\u0259ki ad\u0131 t\u0259klif edirl\u0259r. Az\u0259rbaycan dilinin \u00f6z qanunlar\u0131 var, bu qaydalar \u0259sas\u0131nda \u0259d\u0259bi dil normalar\u0131na uy\u011fun olaraq bu adlar yaz\u0131l\u0131r\u201d, &#8211; dey\u0259 Sayal\u0131 Sad\u0131qova bildirib.<\/p>\n<\/p><\/div>\n<p><script>\n        (function (d, s, id) {\n            var js, fjs = d.getElementsByTagName(s)[0];\n            if (d.getElementById(id)) return;\n            js = d.createElement(s);\n            js.id = id;\n            js.src = \"\/\/connect.facebook.net\/az_AZ\/sdk.js#xfbml=1&version=v2.7&appId=\";\n            fjs.parentNode.insertBefore(js, fjs);\n        }(document, 'script', 'facebook-jssdk'));\n    <\/script><\/p>\n","protected":false},"excerpt":{"rendered":"<p>Son d\u00f6vrl\u0259rd\u0259 \u018fmin\u0259 ad\u0131n\u0131 \u201cAmin\u0259\u201d, Mehdi ad\u0131n\u0131 \u201cM\u0259hdi\u201d, \u018fzizi \u201cAziz\u201d kimi yazd\u0131rmaq \u00fc\u00e7\u00fcn m\u00fcraci\u0259tl\u0259r olub. Dilimizd\u0259 vahid formada \u018fziz ad\u0131 var v\u0259 bu normalara uy\u011fun olaraq adlar verilir. Biz\u0259 h\u0259r g\u00fcn q\u0259rib\u0259 adlarla ba\u011fl\u0131 m\u00fcraci\u0259t edirl\u0259r. \u018fn \u00e7ox ad d\u0259yi\u015fm\u0259 problemdir. Millinews.az x\u0259b\u0259r verir ki, bunu &#8220;Az\u0259rTac&#8221;a Nazirl\u0259r Kabineti yan\u0131nda Terminologiya Komissiyas\u0131n\u0131n s\u0259dr m\u00fcavini, N\u0259simi &hellip;<\/p>\n","protected":false},"author":1,"featured_media":4407,"comment_status":"open","ping_status":"closed","sticky":false,"template":"","format":"standard","meta":{"footnotes":""},"categories":[9],"tags":[],"class_list":["post-4406","post","type-post","status-publish","format-standard","has-post-thumbnail","hentry","category-xeber"],"_links":{"self":[{"href":"https:\/\/millitv.net\/index.php?rest_route=\/wp\/v2\/posts\/4406","targetHints":{"allow":["GET"]}}],"collection":[{"href":"https:\/\/millitv.net\/index.php?rest_route=\/wp\/v2\/posts"}],"about":[{"href":"https:\/\/millitv.net\/index.php?rest_route=\/wp\/v2\/types\/post"}],"author":[{"embeddable":true,"href":"https:\/\/millitv.net\/index.php?rest_route=\/wp\/v2\/users\/1"}],"replies":[{"embeddable":true,"href":"https:\/\/millitv.net\/index.php?rest_route=%2Fwp%2Fv2%2Fcomments&post=4406"}],"version-history":[{"count":0,"href":"https:\/\/millitv.net\/index.php?rest_route=\/wp\/v2\/posts\/4406\/revisions"}],"wp:featuredmedia":[{"embeddable":true,"href":"https:\/\/millitv.net\/index.php?rest_route=\/wp\/v2\/media\/4407"}],"wp:attachment":[{"href":"https:\/\/millitv.net\/index.php?rest_route=%2Fwp%2Fv2%2Fmedia&parent=4406"}],"wp:term":[{"taxonomy":"category","embeddable":true,"href":"https:\/\/millitv.net\/index.php?rest_route=%2Fwp%2Fv2%2Fcategories&post=4406"},{"taxonomy":"post_tag","embeddable":true,"href":"https:\/\/millitv.net\/index.php?rest_route=%2Fwp%2Fv2%2Ftags&post=4406"}],"curies":[{"name":"wp","href":"https:\/\/api.w.org\/{rel}","templated":true}]}}