{"id":4400,"date":"2023-10-24T01:39:55","date_gmt":"2023-10-24T01:39:55","guid":{"rendered":"https:\/\/millinews.az\/xeber\/dunyanin-biz%C9%99-diqq%C9%99ti-davam-etm%C9%99lidir\/"},"modified":"2023-10-24T01:39:55","modified_gmt":"2023-10-24T01:39:55","slug":"dunyanin-biz%C9%99-diqq%C9%99ti-davam-etm%C9%99lidir","status":"publish","type":"post","link":"https:\/\/millitv.net\/?p=4400","title":{"rendered":"D\u00fcnyan\u0131n biz\u0259 diqq\u0259ti davam etm\u0259lidir"},"content":{"rendered":"<p><img decoding=\"async\" src=\"https:\/\/Millinews.az\/storage\/2023\/04\/06\/zelenskiy-reu-1905556.jpg\" alt=\"\" title=\"\"><\/p>\n<div id=\"mvp-content-main\">\n<p><strong>D\u00fcnyan\u0131n Ukraynaya diqq\u0259ti davam etm\u0259lidir.<\/strong><\/p>\n<p><strong><a target=\"_blank\" href=\"https:\/\/Millinews.az\" rel=\"noopener\">Millinews.az<\/a> <\/strong>x\u0259b\u0259r verir ki, bunu Ukrayna Prezidenti Vladimir Zelenski Kr\u0131m Platformas\u0131 sammiti il\u0259 ba\u011fl\u0131 dan\u0131\u015fark\u0259n deyib.<\/p>\n<p>O, videom\u00fcraci\u0259tind\u0259 bildirib ki, beyn\u0259lxalq hadis\u0259l\u0259r v\u0259 Ukraynan\u0131n yax\u0131n g\u0259l\u0259c\u0259y\u0259 haz\u0131rla\u015fd\u0131\u011f\u0131 dan\u0131\u015f\u0131qlarla ba\u011fl\u0131 g\u00f6r\u00fc\u015f ke\u00e7irib:<\/p>\n<p>&#8220;D\u00fcnyan\u0131n Ukraynaya, azadl\u0131\u011f\u0131n qorunmas\u0131na v\u0259 beyn\u0259lxalq h\u00fcquqa diqq\u0259ti qorunmal\u0131d\u0131r &#8211; biz bunun \u00fc\u00e7\u00fcn h\u0259r \u015feyi ed\u0259c\u0259yik&#8221;.<\/p>\n<p>Qeyd ed\u0259k ki, bu g\u00fcn \u00c7exiyada Beyn\u0259lxalq Kr\u0131m Platformas\u0131n\u0131n \u0130kinci Parlament Sammiti ke\u00e7iril\u0259c\u0259k v\u0259 bu sammitd\u0259 d\u00fcnyan\u0131n m\u00fcxt\u0259lif \u00f6lk\u0259l\u0259rind\u0259n 70-\u0259 yax\u0131n parlament n\u00fcmay\u0259nd\u0259 hey\u0259ti i\u015ftirak ed\u0259c\u0259k.<\/p>\n<\/p><\/div>\n<p><script>\n        (function (d, s, id) {\n            var js, fjs = d.getElementsByTagName(s)[0];\n            if (d.getElementById(id)) return;\n            js = d.createElement(s);\n            js.id = id;\n            js.src = \"\/\/connect.facebook.net\/az_AZ\/sdk.js#xfbml=1&version=v2.7&appId=\";\n            fjs.parentNode.insertBefore(js, fjs);\n        }(document, 'script', 'facebook-jssdk'));\n    <\/script><\/p>\n","protected":false},"excerpt":{"rendered":"<p>D\u00fcnyan\u0131n Ukraynaya diqq\u0259ti davam etm\u0259lidir. Millinews.az x\u0259b\u0259r verir ki, bunu Ukrayna Prezidenti Vladimir Zelenski Kr\u0131m Platformas\u0131 sammiti il\u0259 ba\u011fl\u0131 dan\u0131\u015fark\u0259n deyib. O, videom\u00fcraci\u0259tind\u0259 bildirib ki, beyn\u0259lxalq hadis\u0259l\u0259r v\u0259 Ukraynan\u0131n yax\u0131n g\u0259l\u0259c\u0259y\u0259 haz\u0131rla\u015fd\u0131\u011f\u0131 dan\u0131\u015f\u0131qlarla ba\u011fl\u0131 g\u00f6r\u00fc\u015f ke\u00e7irib: &#8220;D\u00fcnyan\u0131n Ukraynaya, azadl\u0131\u011f\u0131n qorunmas\u0131na v\u0259 beyn\u0259lxalq h\u00fcquqa diqq\u0259ti qorunmal\u0131d\u0131r &#8211; biz bunun \u00fc\u00e7\u00fcn h\u0259r \u015feyi ed\u0259c\u0259yik&#8221;. Qeyd ed\u0259k ki, &hellip;<\/p>\n","protected":false},"author":1,"featured_media":4401,"comment_status":"open","ping_status":"closed","sticky":false,"template":"","format":"standard","meta":{"footnotes":""},"categories":[9],"tags":[],"class_list":["post-4400","post","type-post","status-publish","format-standard","has-post-thumbnail","hentry","category-xeber"],"_links":{"self":[{"href":"https:\/\/millitv.net\/index.php?rest_route=\/wp\/v2\/posts\/4400","targetHints":{"allow":["GET"]}}],"collection":[{"href":"https:\/\/millitv.net\/index.php?rest_route=\/wp\/v2\/posts"}],"about":[{"href":"https:\/\/millitv.net\/index.php?rest_route=\/wp\/v2\/types\/post"}],"author":[{"embeddable":true,"href":"https:\/\/millitv.net\/index.php?rest_route=\/wp\/v2\/users\/1"}],"replies":[{"embeddable":true,"href":"https:\/\/millitv.net\/index.php?rest_route=%2Fwp%2Fv2%2Fcomments&post=4400"}],"version-history":[{"count":0,"href":"https:\/\/millitv.net\/index.php?rest_route=\/wp\/v2\/posts\/4400\/revisions"}],"wp:featuredmedia":[{"embeddable":true,"href":"https:\/\/millitv.net\/index.php?rest_route=\/wp\/v2\/media\/4401"}],"wp:attachment":[{"href":"https:\/\/millitv.net\/index.php?rest_route=%2Fwp%2Fv2%2Fmedia&parent=4400"}],"wp:term":[{"taxonomy":"category","embeddable":true,"href":"https:\/\/millitv.net\/index.php?rest_route=%2Fwp%2Fv2%2Fcategories&post=4400"},{"taxonomy":"post_tag","embeddable":true,"href":"https:\/\/millitv.net\/index.php?rest_route=%2Fwp%2Fv2%2Ftags&post=4400"}],"curies":[{"name":"wp","href":"https:\/\/api.w.org\/{rel}","templated":true}]}}