{"id":4376,"date":"2023-10-23T22:14:47","date_gmt":"2023-10-23T22:14:47","guid":{"rendered":"https:\/\/millinews.az\/xeber\/hemas-in-bes-hava-quvv%C9%99l%C9%99ri-komandiri-olduruldu\/"},"modified":"2023-10-23T22:14:47","modified_gmt":"2023-10-23T22:14:47","slug":"hemas-in-bes-hava-quvv%C9%99l%C9%99ri-komandiri-olduruldu","status":"publish","type":"post","link":"https:\/\/millitv.net\/?p=4376","title":{"rendered":"H\u018fMAS-\u0131n be\u015f hava q\u00fcvv\u0259l\u0259ri komandiri \u00f6ld\u00fcr\u00fcld\u00fc"},"content":{"rendered":"<p><img decoding=\"async\" src=\"https:\/\/Millinews.az\/storage\/2023\/10\/24\/1697262491_adf68401-5466-3b11-a6f1-63f2ef387035_850.jpg\" alt=\"\" title=\"\"><\/p>\n<div id=\"mvp-content-main\">\n<p><strong>\u0130srail h\u0259rb\u00e7il\u0259ri Q\u0259zza zola\u011f\u0131nda ke\u00e7iril\u0259n \u0259m\u0259liyyat zaman\u0131 H\u018fMAS-a ba\u011fl\u0131 hava q\u00fcvv\u0259l\u0259ri b\u00f6lm\u0259l\u0259rinin be\u015f komandirini \u00f6ld\u00fcr\u00fcb.<\/strong><\/p>\n<p><strong><a target=\"_blank\" href=\"https:\/\/Millinews.az\" rel=\"noopener\">Millinews.az<\/a><\/strong> \u201cTASS\u201da istinad\u0259n x\u0259b\u0259r verir ki, bu haqda \u0130srail M\u00fcdafi\u0259 Q\u00fcvv\u0259l\u0259rinin s\u00f6z\u00e7\u00fcs\u00fc Daniel H\u0259qari bildirib.<\/p>\n<p>\u201cOktyabr\u0131n 7-d\u0259 d\u0259h\u015f\u0259tli h\u00fccumda i\u015ftirak ed\u0259n H\u018fMAS-\u0131n be\u015f y\u00fcks\u0259k r\u00fctb\u0259li H\u0259rbi Hava Q\u00fcvv\u0259l\u0259ri \u0259m\u0259liyyat\u00e7\u0131s\u0131n\u0131 m\u0259hv etdik\u201d,- H\u0259qari qeyd edib.<\/p>\n<\/p><\/div>\n<p><script>\n        (function (d, s, id) {\n            var js, fjs = d.getElementsByTagName(s)[0];\n            if (d.getElementById(id)) return;\n            js = d.createElement(s);\n            js.id = id;\n            js.src = \"\/\/connect.facebook.net\/az_AZ\/sdk.js#xfbml=1&version=v2.7&appId=\";\n            fjs.parentNode.insertBefore(js, fjs);\n        }(document, 'script', 'facebook-jssdk'));\n    <\/script><\/p>\n","protected":false},"excerpt":{"rendered":"<p>\u0130srail h\u0259rb\u00e7il\u0259ri Q\u0259zza zola\u011f\u0131nda ke\u00e7iril\u0259n \u0259m\u0259liyyat zaman\u0131 H\u018fMAS-a ba\u011fl\u0131 hava q\u00fcvv\u0259l\u0259ri b\u00f6lm\u0259l\u0259rinin be\u015f komandirini \u00f6ld\u00fcr\u00fcb. Millinews.az \u201cTASS\u201da istinad\u0259n x\u0259b\u0259r verir ki, bu haqda \u0130srail M\u00fcdafi\u0259 Q\u00fcvv\u0259l\u0259rinin s\u00f6z\u00e7\u00fcs\u00fc Daniel H\u0259qari bildirib. \u201cOktyabr\u0131n 7-d\u0259 d\u0259h\u015f\u0259tli h\u00fccumda i\u015ftirak ed\u0259n H\u018fMAS-\u0131n be\u015f y\u00fcks\u0259k r\u00fctb\u0259li H\u0259rbi Hava Q\u00fcvv\u0259l\u0259ri \u0259m\u0259liyyat\u00e7\u0131s\u0131n\u0131 m\u0259hv etdik\u201d,- H\u0259qari qeyd edib.<\/p>\n","protected":false},"author":1,"featured_media":4377,"comment_status":"open","ping_status":"closed","sticky":false,"template":"","format":"standard","meta":{"footnotes":""},"categories":[9],"tags":[],"class_list":["post-4376","post","type-post","status-publish","format-standard","has-post-thumbnail","hentry","category-xeber"],"_links":{"self":[{"href":"https:\/\/millitv.net\/index.php?rest_route=\/wp\/v2\/posts\/4376","targetHints":{"allow":["GET"]}}],"collection":[{"href":"https:\/\/millitv.net\/index.php?rest_route=\/wp\/v2\/posts"}],"about":[{"href":"https:\/\/millitv.net\/index.php?rest_route=\/wp\/v2\/types\/post"}],"author":[{"embeddable":true,"href":"https:\/\/millitv.net\/index.php?rest_route=\/wp\/v2\/users\/1"}],"replies":[{"embeddable":true,"href":"https:\/\/millitv.net\/index.php?rest_route=%2Fwp%2Fv2%2Fcomments&post=4376"}],"version-history":[{"count":0,"href":"https:\/\/millitv.net\/index.php?rest_route=\/wp\/v2\/posts\/4376\/revisions"}],"wp:featuredmedia":[{"embeddable":true,"href":"https:\/\/millitv.net\/index.php?rest_route=\/wp\/v2\/media\/4377"}],"wp:attachment":[{"href":"https:\/\/millitv.net\/index.php?rest_route=%2Fwp%2Fv2%2Fmedia&parent=4376"}],"wp:term":[{"taxonomy":"category","embeddable":true,"href":"https:\/\/millitv.net\/index.php?rest_route=%2Fwp%2Fv2%2Fcategories&post=4376"},{"taxonomy":"post_tag","embeddable":true,"href":"https:\/\/millitv.net\/index.php?rest_route=%2Fwp%2Fv2%2Ftags&post=4376"}],"curies":[{"name":"wp","href":"https:\/\/api.w.org\/{rel}","templated":true}]}}